{"id":4951,"date":"2014-03-27T07:23:21","date_gmt":"2014-03-27T10:23:21","guid":{"rendered":"http:\/\/argentinamunicipal.com.ar\/argentina\/?p=4951"},"modified":"2014-03-27T07:23:21","modified_gmt":"2014-03-27T10:23:21","slug":"intendente-propone-que-menores-que-delinquen-vayan-a-colegio-pupilo","status":"publish","type":"post","link":"http:\/\/argentinamunicipal.com.ar\/argentina\/intendente-propone-que-menores-que-delinquen-vayan-a-colegio-pupilo\/","title":{"rendered":"Intendente propone que menores que delinquen vayan a \u00abcolegio pupilo\u00bb"},"content":{"rendered":"<p><a href=\"http:\/\/argentinamunicipal.com.ar\/argentina\/wp-content\/uploads\/2014\/03\/julio-pereyra.jpg\"><img loading=\"lazy\" decoding=\"async\" class=\"aligncenter size-full wp-image-4952\" alt=\"julio-pereyra\" src=\"http:\/\/argentinamunicipal.com.ar\/argentina\/wp-content\/uploads\/2014\/03\/julio-pereyra.jpg\" width=\"640\" height=\"480\" srcset=\"http:\/\/argentinamunicipal.com.ar\/argentina\/wp-content\/uploads\/2014\/03\/julio-pereyra.jpg 640w, http:\/\/argentinamunicipal.com.ar\/argentina\/wp-content\/uploads\/2014\/03\/julio-pereyra-300x225.jpg 300w\" sizes=\"auto, (max-width: 640px) 100vw, 640px\" \/><\/a><\/p>\n<p>El jefe comunal de Florencio Varela, Julio Pereyra, advirti\u00f3 que \u00abno hay que encerrar\u00bb a esos chicos sino \u00abreeducarlos\u00bb y afirm\u00f3 que si el menor cometi\u00f3 \u00abalg\u00fan tipo de locura\u00bb en la v\u00eda p\u00fablica en repetidas oportunidades \u00abya no lo pod\u00e9s entregar al padre porque permiti\u00f3 que ese chico sea as\u00ed\u00bb<\/p>\n<p>El intendente de la localidad bonaerense de Florencio Varela, Julio Pereyra, propuso hoy que los menores que reinciden en la comisi\u00f3n de delitos sean llevados a \u00abcolegios pupilos\u00bb para su educaci\u00f3n, al advertir que los padres han \u00abpermitido que ese chico sea as\u00ed\u00bb.<\/p>\n<p>\u00abEsos chicos necesitan un tratamiento especial. No hay que encerrarlos, hay que reeducarlos\u00bb, sostuvo el jefe comunal, quien explic\u00f3 que cuando un adolescente \u00abcomete alg\u00fan tipo de locura en la calle lo que se hace es que se lo entrega de vuelta en tutela al padre\u00bb y aclar\u00f3: \u00abEst\u00e1 bien la primera vez, ahora si lo hizo la primera, la segunda, la tercera, la cuarta, ya no lo podes entregar al padre porque permiti\u00f3 que ese chico sea as\u00ed\u00bb.<\/p>\n<p>En di\u00e1logo con radio Am\u00e9rica, Pereyra consider\u00f3 necesaria la creaci\u00f3n de institutos de formaci\u00f3n para esos j\u00f3venes a efectos de que \u00abcuando salga sea una buena persona, no que se haya especializado en el delito\u00bb y aclar\u00f3 que ser\u00eda un \u00abtratamiento con un colegio pupilo, que (el menor) est\u00e9 8 horas ah\u00ed adentro y que lo formemos, despu\u00e9s que vaya a su casa, por supuesto\u00bb.<\/p>\n<p>El intendente, quien se manifest\u00f3 \u00abasombrado\u00bb por la \u00abola de violencia\u00bb que se vive en la provincia de Buenos Aires, se refiri\u00f3 a esa problem\u00e1tica al se\u00f1alar que \u00abhay chicos entre 12 y 14 a\u00f1os que ya tienen determinado perfil hacia la violencia\u00bb.<\/p>\n<p>\u00abEsos chicos necesitan un tratamiento especial. No hay que encerrarlos, hay que reeducarlos\u00bb, enfatiz\u00f3 el presidente de la Federaci\u00f3n Argentina de Municipios (FAM).<\/p>\n<p>Consultado sobre su planteo, Pereyra se\u00f1al\u00f3 que \u00abhay institutos que est\u00e1n funcionando bien, pero son escasos\u00bb, por lo que dijo que \u00abhabr\u00eda que multiplicarlos\u00bb.<\/p>\n<p>\u00abEn Florencio Varela estoy pensando la creaci\u00f3n de un instituto donde se les d\u00e9 desde computaci\u00f3n, torno, electricidad, que lo eduquemos. Que de alguna manera tenga un encierro, pero un encierro de formaci\u00f3n, que cuando salga sea una buena persona, no que se haya especializado en el delito, no que sea un violador, no que lo hayan violado\u00bb, expres\u00f3.<\/p>\n<p>Asimismo, explic\u00f3: \u00abNo planteo la institucionalizaci\u00f3n en forma directa, sino en funci\u00f3n del trabajo con la propia familia\u00bb.<\/p>\n<p>Pereyra consider\u00f3 que los j\u00f3venes deber\u00edan ingresar al programa \u00aba partir de que empecemos a ver que la criatura tiene conductas violentas: 8, 9 10, 12 a\u00f1os. Tienen que tener un tratamiento distinto\u00bb.<\/p>\n<p>\u00abEstos chicos necesitan tener una oportunidad. \u00bfCu\u00e1l es la oportunidad? Darles un tratamiento diferenciado para que este chico no mate a alguien o no tengamos que matarlo\u00bb, analiz\u00f3.<\/p>\n<p>\u00abEsto no quiere decir que est\u00e9 apa\u00f1ando el delito, ni que hay que ablandarse. Planteo que a los pibes intentemos salvarlos, por supuesto el que sigue delinquiendo y es reincidente, esa persona tiene que estar presa\u00bb, asever\u00f3.<\/p>\n<p>Por \u00faltimo, Pereyra llam\u00f3 a \u00abarticular\u00bb acciones entre el gobierno nacional, provincial, los municipios y la Justicia para \u00abcombatir juntos el delito\u00bb<\/p>\n<h6>Fuente: El D\u00eda<\/h6>\n","protected":false},"excerpt":{"rendered":"<p>El jefe comunal de Florencio Varela, Julio Pereyra, advirti\u00f3 que \u00abno hay que encerrar\u00bb a esos chicos sino \u00abreeducarlos\u00bb y afirm\u00f3 que si el menor cometi\u00f3 \u00abalg\u00fan tipo de locura\u00bb en la v\u00eda p\u00fablica en repetidas oportunidades \u00abya no lo pod\u00e9s entregar al padre porque permiti\u00f3 que ese chico sea as\u00ed\u00bb El intendente de la<\/p>\n","protected":false},"author":1,"featured_media":4952,"comment_status":"closed","ping_status":"closed","sticky":false,"template":"","format":"standard","meta":{"footnotes":""},"categories":[2],"tags":[12],"class_list":["post-4951","post","type-post","status-publish","format-standard","has-post-thumbnail","hentry","category-informe-municipal","tag-buenos-aires"],"_links":{"self":[{"href":"http:\/\/argentinamunicipal.com.ar\/argentina\/wp-json\/wp\/v2\/posts\/4951","targetHints":{"allow":["GET"]}}],"collection":[{"href":"http:\/\/argentinamunicipal.com.ar\/argentina\/wp-json\/wp\/v2\/posts"}],"about":[{"href":"http:\/\/argentinamunicipal.com.ar\/argentina\/wp-json\/wp\/v2\/types\/post"}],"author":[{"embeddable":true,"href":"http:\/\/argentinamunicipal.com.ar\/argentina\/wp-json\/wp\/v2\/users\/1"}],"replies":[{"embeddable":true,"href":"http:\/\/argentinamunicipal.com.ar\/argentina\/wp-json\/wp\/v2\/comments?post=4951"}],"version-history":[{"count":0,"href":"http:\/\/argentinamunicipal.com.ar\/argentina\/wp-json\/wp\/v2\/posts\/4951\/revisions"}],"wp:featuredmedia":[{"embeddable":true,"href":"http:\/\/argentinamunicipal.com.ar\/argentina\/wp-json\/wp\/v2\/media\/4952"}],"wp:attachment":[{"href":"http:\/\/argentinamunicipal.com.ar\/argentina\/wp-json\/wp\/v2\/media?parent=4951"}],"wp:term":[{"taxonomy":"category","embeddable":true,"href":"http:\/\/argentinamunicipal.com.ar\/argentina\/wp-json\/wp\/v2\/categories?post=4951"},{"taxonomy":"post_tag","embeddable":true,"href":"http:\/\/argentinamunicipal.com.ar\/argentina\/wp-json\/wp\/v2\/tags?post=4951"}],"curies":[{"name":"wp","href":"https:\/\/api.w.org\/{rel}","templated":true}]}}