{"id":49522,"date":"2016-06-09T08:17:34","date_gmt":"2016-06-09T11:17:34","guid":{"rendered":"http:\/\/argentinamunicipal.com.ar\/argentina\/?p=49522"},"modified":"2016-06-09T08:17:34","modified_gmt":"2016-06-09T11:17:34","slug":"chajari-villa-del-rosario-santa-ana-proyectan-una-microrregion-turistica","status":"publish","type":"post","link":"http:\/\/argentinamunicipal.com.ar\/argentina\/chajari-villa-del-rosario-santa-ana-proyectan-una-microrregion-turistica\/","title":{"rendered":"Chajar\u00ed, Villa del Rosario y Santa Ana proyectan una \u00abMicrorregi\u00f3n tur\u00edstica\u00bb"},"content":{"rendered":"<p>Buscan conformar un circuito tur\u00edstico que incluya a los atractivos de las tres localidades, unificando la oferta para ampliar las opciones para los visitantes que elijan nuestra zona para pasar sus vacaciones.<\/p>\n<p>El Intendente Pedro Galimberti particip\u00f3 de una reuni\u00f3n de trabajo con los Presidentes Municipales de las localidades vecinas. El encuentro fue en Villa del Rosario. En dicha reuni\u00f3n estuvieron presentes el Presidente Municipal de Villa del Rosario Claudio Baldezari y el intendente de la localidad de Santa Ana, Mario Toler. La tem\u00e1tica central estuvo dirigida a la conformaci\u00f3n de una micro-regi\u00f3n tur\u00edstica.<\/p>\n<p>En este marco, uno de los puntos importantes tratados fue la se\u00f1alizaci\u00f3n en Ruta Nacionales y Provinciales sobre la ubicaci\u00f3n de estas localidades, como as\u00ed tambi\u00e9n la promoci\u00f3n y difusi\u00f3n de los productos tur\u00edsticos y servicios de la regi\u00f3n. Las autoridades acordaron un trabajo en conjunto para obtener mayores beneficios en distintos aspectos y como objetivo principal ser una regi\u00f3n pujante tur\u00edsticamente.<\/p>\n<p>De esta manera se busca conformar un circuito tur\u00edstico que incluya a los atractivos de las tres localidades, unificando la oferta para ampliar las opciones para los visitantes que elijan nuestra zona para pasar sus vacaciones.<\/p>\n<p>Tras el encuentro, el Presidente Municipal de Villa del Rosario Claudio Baldezari destac\u00f3 el trabajo en conjunto que se viene llevando a cabo afirmando que \u00abes una necesidad de las comunidades como regi\u00f3n involucrarse en algunas actividades, deportes, turismo, como ya lo venimos haciendo\u00bb. Reconociendo que este emprendimiento es un trabajo a largo plazo, con el que se busca \u00abofrecerle al turista una diversidad de alternativas\u00bb, sumando las ofertas de cada una de las ciudades. \u00abConform\u00e1ndonos como micro regi\u00f3n podemos darle al turista una alternativa interesante y de esta forma atraerlos (?) dando a conocer la diversidad de atractivos que tiene la regi\u00f3n\u00bb expres\u00f3, haciendo menci\u00f3n a las termas, a los campings, y la producci\u00f3n, entre otros.<\/p>\n<p>Adem\u00e1s destac\u00f3 el esfuerzo emprendido en conjunto entre los municipios para gestionar el arreglo de los caminos vecinales, la avenida 25 de Mayo y la Ruta 3 Hermanas, y optimizarlos en beneficio de la producci\u00f3n y tambi\u00e9n del turismo.<\/p>\n<p>Si bien esta es la primera reuni\u00f3n sobre turismo que cont\u00f3 con la presencia de los tres intendentes, este tema ya se viene trabajando entre los representantes de las Oficinas de Turismo de los municipios.<\/p>\n<p>En este encuentro estuvieron presentes adem\u00e1s, el Vice Intendente de Villa del Rosario Gustavo Zandon\u00e1; el Secretario de Gobierno, Javier Chervo; la Directora de Turismo Janet Bordigi\u00f3n; la Coordinadora de Turismo de la ciudad de Chajar\u00ed Natalia Gonz\u00e1lez; y Luis Vago Director de Turismo de Santa Ana.<\/p>\n<h6>Fuente: El Once<\/h6>\n","protected":false},"excerpt":{"rendered":"<p>Buscan conformar un circuito tur\u00edstico que incluya a los atractivos de las tres localidades, unificando la oferta para ampliar las opciones para los visitantes que elijan nuestra zona para pasar sus vacaciones.<\/p>\n","protected":false},"author":2,"featured_media":49523,"comment_status":"closed","ping_status":"closed","sticky":false,"template":"","format":"standard","meta":{"footnotes":""},"categories":[2],"tags":[17],"class_list":["post-49522","post","type-post","status-publish","format-standard","has-post-thumbnail","hentry","category-informe-municipal","tag-entre-rios"],"_links":{"self":[{"href":"http:\/\/argentinamunicipal.com.ar\/argentina\/wp-json\/wp\/v2\/posts\/49522","targetHints":{"allow":["GET"]}}],"collection":[{"href":"http:\/\/argentinamunicipal.com.ar\/argentina\/wp-json\/wp\/v2\/posts"}],"about":[{"href":"http:\/\/argentinamunicipal.com.ar\/argentina\/wp-json\/wp\/v2\/types\/post"}],"author":[{"embeddable":true,"href":"http:\/\/argentinamunicipal.com.ar\/argentina\/wp-json\/wp\/v2\/users\/2"}],"replies":[{"embeddable":true,"href":"http:\/\/argentinamunicipal.com.ar\/argentina\/wp-json\/wp\/v2\/comments?post=49522"}],"version-history":[{"count":0,"href":"http:\/\/argentinamunicipal.com.ar\/argentina\/wp-json\/wp\/v2\/posts\/49522\/revisions"}],"wp:featuredmedia":[{"embeddable":true,"href":"http:\/\/argentinamunicipal.com.ar\/argentina\/wp-json\/wp\/v2\/media\/49523"}],"wp:attachment":[{"href":"http:\/\/argentinamunicipal.com.ar\/argentina\/wp-json\/wp\/v2\/media?parent=49522"}],"wp:term":[{"taxonomy":"category","embeddable":true,"href":"http:\/\/argentinamunicipal.com.ar\/argentina\/wp-json\/wp\/v2\/categories?post=49522"},{"taxonomy":"post_tag","embeddable":true,"href":"http:\/\/argentinamunicipal.com.ar\/argentina\/wp-json\/wp\/v2\/tags?post=49522"}],"curies":[{"name":"wp","href":"https:\/\/api.w.org\/{rel}","templated":true}]}}