{"id":49529,"date":"2016-06-09T06:20:39","date_gmt":"2016-06-09T09:20:39","guid":{"rendered":"http:\/\/argentinamunicipal.com.ar\/argentina\/?p=49529"},"modified":"2016-06-09T08:39:36","modified_gmt":"2016-06-09T11:39:36","slug":"proyectan-la-crear-la-oficina-del-inquilino-ambito-municipal-parana","status":"publish","type":"post","link":"http:\/\/argentinamunicipal.com.ar\/argentina\/proyectan-la-crear-la-oficina-del-inquilino-ambito-municipal-parana\/","title":{"rendered":"Proyectan crear la Oficina del Inquilino en el \u00e1mbito municipal de Paran\u00e1"},"content":{"rendered":"<p>Autoridades de la Municipalidad, del Concejo Deliberante y del Colegio de Corredores Inmobiliarios de Entre R\u00edos se reunieron para dialogar sobre la posible creaci\u00f3n de la Oficina del Inquilino en el \u00e1mbito comunal de Paran\u00e1.<\/p>\n<p>El mencionado espacio tendr\u00e1 como objetivo establecer un Registro \u00danico de Inquilinos de la ciudad para poder diagnosticar la situaci\u00f3n socioecon\u00f3mica y las necesidades principales en el mercado de alquileres a fin de dise\u00f1ar pol\u00edticas de planificaci\u00f3n habitacional.<\/p>\n<p>Se realiz\u00f3 este martes una reuni\u00f3n entre autoridades de la Municipalidad de Paran\u00e1, miembros del Concejo Deliberante y representantes del Colegio de Corredores Inmobiliarios de Entre R\u00edos para interiorizarse sobre la posible creaci\u00f3n de la Oficina del Inquilino en el \u00e1mbito municipal.<\/p>\n<p>El proyecto, que tiene varias adhesiones y es impulsado por el concejal Pablo Hern\u00e1ndez, propone que se establezca un Registro \u00danico de Inquilinos de la ciudad para poder diagnosticar la situaci\u00f3n socioecon\u00f3mica y las necesidades principales en el mercado de alquileres, a fin de dise\u00f1ar pol\u00edticas de planificaci\u00f3n habitacional.<\/p>\n<p>A su vez, la creaci\u00f3n de la normativa persigue el objetivo de informar, asesorar y mediar entre las partes involucradas en los contratos de alquiler, esto es propietarios e inquilinos, procurando reducir problem\u00e1ticas que suelen derivarse de incumplimientos contractuales.<\/p>\n<p>La iniciativa ser\u00e1 sometida a debate en futuras sesiones del Concejo Deliberante.<\/p>\n<p>De la reuni\u00f3n participaron Jorge Gonz\u00e1lez, subsecretario General y de Derechos Humanos de Paran\u00e1, los ediles Pablo Hern\u00e1ndez (Cambiemos) y Luis D\u00edaz (UNA), Jos\u00e9 Mar\u00eda Arm\u00e1ndola, presidente del Colegio de Corredores Inmobiliarios de Entre R\u00edos y Cecilia Pag\u00e9s, asesora letrada del mencionado Colegio.<\/p>\n<h6>Fuente: El Once<\/h6>\n","protected":false},"excerpt":{"rendered":"<p>Autoridades de la Municipalidad, del Concejo Deliberante y del Colegio de Corredores Inmobiliarios de Entre R\u00edos se reunieron para dialogar sobre la posible creaci\u00f3n de la Oficina del Inquilino en el \u00e1mbito comunal de Paran\u00e1.<\/p>\n","protected":false},"author":2,"featured_media":49530,"comment_status":"closed","ping_status":"closed","sticky":false,"template":"","format":"standard","meta":{"footnotes":""},"categories":[2],"tags":[17],"class_list":["post-49529","post","type-post","status-publish","format-standard","has-post-thumbnail","hentry","category-informe-municipal","tag-entre-rios"],"_links":{"self":[{"href":"http:\/\/argentinamunicipal.com.ar\/argentina\/wp-json\/wp\/v2\/posts\/49529","targetHints":{"allow":["GET"]}}],"collection":[{"href":"http:\/\/argentinamunicipal.com.ar\/argentina\/wp-json\/wp\/v2\/posts"}],"about":[{"href":"http:\/\/argentinamunicipal.com.ar\/argentina\/wp-json\/wp\/v2\/types\/post"}],"author":[{"embeddable":true,"href":"http:\/\/argentinamunicipal.com.ar\/argentina\/wp-json\/wp\/v2\/users\/2"}],"replies":[{"embeddable":true,"href":"http:\/\/argentinamunicipal.com.ar\/argentina\/wp-json\/wp\/v2\/comments?post=49529"}],"version-history":[{"count":0,"href":"http:\/\/argentinamunicipal.com.ar\/argentina\/wp-json\/wp\/v2\/posts\/49529\/revisions"}],"wp:featuredmedia":[{"embeddable":true,"href":"http:\/\/argentinamunicipal.com.ar\/argentina\/wp-json\/wp\/v2\/media\/49530"}],"wp:attachment":[{"href":"http:\/\/argentinamunicipal.com.ar\/argentina\/wp-json\/wp\/v2\/media?parent=49529"}],"wp:term":[{"taxonomy":"category","embeddable":true,"href":"http:\/\/argentinamunicipal.com.ar\/argentina\/wp-json\/wp\/v2\/categories?post=49529"},{"taxonomy":"post_tag","embeddable":true,"href":"http:\/\/argentinamunicipal.com.ar\/argentina\/wp-json\/wp\/v2\/tags?post=49529"}],"curies":[{"name":"wp","href":"https:\/\/api.w.org\/{rel}","templated":true}]}}