{"id":49546,"date":"2016-06-10T07:00:20","date_gmt":"2016-06-10T10:00:20","guid":{"rendered":"http:\/\/argentinamunicipal.com.ar\/argentina\/?p=49546"},"modified":"2016-06-10T07:00:20","modified_gmt":"2016-06-10T10:00:20","slug":"intendentes-justicialistas-homenajearon-los-fusilados-jose-leon-suarez","status":"publish","type":"post","link":"http:\/\/argentinamunicipal.com.ar\/argentina\/intendentes-justicialistas-homenajearon-los-fusilados-jose-leon-suarez\/","title":{"rendered":"Intendentes justicialistas homenajearon a los fusilados de Jos\u00e9 Le\u00f3n Su\u00e1rez"},"content":{"rendered":"<p>Intendentes justicialistas bonaerenses y numerosos referentes del Frente para la Victoria homenajeron hoy a los fusilados de Jos\u00e9 Le\u00f3n Su\u00e1rez, a 60 a\u00f1os de la masacre clandestina durante la dictadura militar de Pedro Aramburu.<\/p>\n<p>El jefe comunal Gabriel Katopodis encabez\u00f3 hoy el acto junto a otros intendentes, el sobreviviente Juan Carlos Livraga, familiares de las v\u00edctimas, y distintas autoridades al cumplirse 60 a\u00f1os de la masacre de Jos\u00e9 Le\u00f3n Su\u00e1rez.<\/p>\n<p>Durante el encuentro, Katopodis afirm\u00f3: \u201cHoy nos convocamos por lo ocurrido hace 60 a\u00f1os, para recordar la historia de una dictadura que quiso eliminar al peronismo y no lo logr\u00f3. El peronismo fue proscripto, combati\u00f3 dictaduras, gan\u00f3 y perdi\u00f3 elecciones, pero sigue vivo y est\u00e1 de pie. Ser peronista es aprender tambi\u00e9n de la derrota, cambiar y volver a ganar\u00bb.<\/p>\n<p>\u201cNuestro principal desaf\u00edo como peronistas es recuperar la tarea de representar las expectativas y sue\u00f1os de trabajadores, de sectores humildes, pymes, clubes de barrio, centros de estudiantes, de hombres y mujeres que quieren un pa\u00eds diferente al que tenemos hoy, para eso los convocamos\u201d, agreg\u00f3 el intendente del Frente para la Victoria.<\/p>\n<p>Con una masiva concurrencia, el encuentro se realiz\u00f3 en el monumento que recuerda a las v\u00edctimas, ubicado en 9 de Julio y Av. Juan M. de Rosas, lugar en el que abri\u00f3 la ceremonia el \u00fanico sobreviviente Juan Carlos Livraga pronunciando emotivas palabras sobre los fusilamientos ordenados por la dictadura militar de Pedro Aramburu.<\/p>\n<p>Durante el acto, tambi\u00e9n se proyect\u00f3 un video relatado por el periodista Rodolfo Walsh, autor de \u201cOperaci\u00f3n Masacre\u201d, la primera obra que cuenta con detalles los hechos. Adem\u00e1s, se hizo menci\u00f3n al reconocimiento del Club Social y Deportivo Central Ballester que realiz\u00f3 el dise\u00f1o de unas camisetas alternativas de su equipo de f\u00fatbol en homenaje a los fusilados, que fue declarado de inter\u00e9s por el Honorable Concejo Deliberante de San Mart\u00edn.<\/p>\n<p>El acto cont\u00f3 con la presencia de los intendentes Mart\u00edn Insaurralde (Lomas de Zamora); Mariano Cascallares (Almirante Brown); Ver\u00f3nica Magario (La Matanza); Juan Zabaleta (Hurlingham); Leonardo Nardini (Malvinas Argentinas); Alberto Descalzo (Ituzaing\u00f3); Francisco Dura\u00f1ona (San Antonio de Areco); Eduardo Bucca (Bol\u00edvar); Julio Marini (Benito Ju\u00e1rez); Ricardo Curutchet (Marcos Paz); y Juan Ustarroz (Mercedes).<\/p>\n<p>Tambi\u00e9n participaron los diputados nacionales Leonardo Grosso, Wado de Pedro y Cristina \u00c1lvarez Rodr\u00edguez; el senador nacional Juan Manuel Abal Medina; Delia Giovanola, una de las fundadoras de la asociaci\u00f3n Abuelas de Plaza de Mayo; el rector de la Universidad Nacional de San Mart\u00edn, Carlos Ruta, y el l\u00edder de la central obrera CTA, Hugo Yasky.<\/p>\n<p>Adem\u00e1s, estuvieron presentes los familiares de las v\u00edctimas Nicol\u00e1s Carranza, Francisco Garibotti y Vicente Rodr\u00edguez. Asimismo, participaron el senador provincial, Fernando Moreira; el presidente del Concejo Deliberante de San Mart\u00edn, Diego Perrella; el ex intendente de Tres de Febrero, Hugo Curto; diputados provinciales, concejales y funcionarios municipales; y representantes de distintos gremios.<\/p>\n<h6>Fuente: InfoCielo<\/h6>\n","protected":false},"excerpt":{"rendered":"<p>Intendentes justicialistas bonaerenses y numerosos referentes del Frente para la Victoria homenajeron hoy a los fusilados de Jos\u00e9 Le\u00f3n Su\u00e1rez, a 60 a\u00f1os de la masacre clandestina durante la dictadura militar de Pedro Aramburu.<\/p>\n","protected":false},"author":2,"featured_media":49547,"comment_status":"closed","ping_status":"closed","sticky":false,"template":"","format":"standard","meta":{"footnotes":""},"categories":[2],"tags":[12],"class_list":["post-49546","post","type-post","status-publish","format-standard","has-post-thumbnail","hentry","category-informe-municipal","tag-buenos-aires"],"_links":{"self":[{"href":"http:\/\/argentinamunicipal.com.ar\/argentina\/wp-json\/wp\/v2\/posts\/49546","targetHints":{"allow":["GET"]}}],"collection":[{"href":"http:\/\/argentinamunicipal.com.ar\/argentina\/wp-json\/wp\/v2\/posts"}],"about":[{"href":"http:\/\/argentinamunicipal.com.ar\/argentina\/wp-json\/wp\/v2\/types\/post"}],"author":[{"embeddable":true,"href":"http:\/\/argentinamunicipal.com.ar\/argentina\/wp-json\/wp\/v2\/users\/2"}],"replies":[{"embeddable":true,"href":"http:\/\/argentinamunicipal.com.ar\/argentina\/wp-json\/wp\/v2\/comments?post=49546"}],"version-history":[{"count":0,"href":"http:\/\/argentinamunicipal.com.ar\/argentina\/wp-json\/wp\/v2\/posts\/49546\/revisions"}],"wp:featuredmedia":[{"embeddable":true,"href":"http:\/\/argentinamunicipal.com.ar\/argentina\/wp-json\/wp\/v2\/media\/49547"}],"wp:attachment":[{"href":"http:\/\/argentinamunicipal.com.ar\/argentina\/wp-json\/wp\/v2\/media?parent=49546"}],"wp:term":[{"taxonomy":"category","embeddable":true,"href":"http:\/\/argentinamunicipal.com.ar\/argentina\/wp-json\/wp\/v2\/categories?post=49546"},{"taxonomy":"post_tag","embeddable":true,"href":"http:\/\/argentinamunicipal.com.ar\/argentina\/wp-json\/wp\/v2\/tags?post=49546"}],"curies":[{"name":"wp","href":"https:\/\/api.w.org\/{rel}","templated":true}]}}