{"id":49549,"date":"2016-06-10T07:02:27","date_gmt":"2016-06-10T10:02:27","guid":{"rendered":"http:\/\/argentinamunicipal.com.ar\/argentina\/?p=49549"},"modified":"2016-06-10T07:02:27","modified_gmt":"2016-06-10T10:02:27","slug":"tagliaferro-puso-marcha-atras-estudiantes-4o-no-juraran-ex-centro-clandestino","status":"publish","type":"post","link":"http:\/\/argentinamunicipal.com.ar\/argentina\/tagliaferro-puso-marcha-atras-estudiantes-4o-no-juraran-ex-centro-clandestino\/","title":{"rendered":"Tagliaferro puso marcha atr\u00e1s: estudiantes de 4\u00ba no jurar\u00e1n en un ex centro clandestino"},"content":{"rendered":"<p>El intendente de Mor\u00f3n, Ramiro Tagliaferro, dio marcha atr\u00e1s con la decisi\u00f3n de que estudiantes lleven a cabo el juramento a la lealtad a la bandera en la ex S\u00e9ptima Brigada A\u00e9rea, lugar en el que funcion\u00f3 un centro clandestino de detenci\u00f3n, luego del masivo reclamo de organizaciones de derechos humanos, gremiales y pol\u00edticas.<\/p>\n<p>Luego del repudio de numerosas organizaciones de derechos humanos, gremiales y pol\u00edticas, el jefe comunal de Cambiemos en Mor\u00f3n dio marcha atr\u00e1s a su decisi\u00f3n de que estudiantes realicen el juramento a la bandera en la Base A\u00e9rea, lugar en el que funcion\u00f3 un ex centro clandestino de detenci\u00f3n y exterminio durante la \u00faltima dictadura c\u00edvico-militar, y ahora el acto se llevar\u00e1 a cabo en la plaza central de la ciudad.<\/p>\n<p>Es que en los \u00faltimos d\u00edas,\u00a0tanto la organizaci\u00f3n por los derechos humanos Asociaci\u00f3n Ser\u00e9, como el sindicato de docentes Suteba, y el Frente para la Victoria local, criticaron la decisi\u00f3n \u201cinconsulta\u201d de Tagliaferro de cambiar el lugar en el que se realizar\u00e1 el hist\u00f3rico acto de jura a la bandera de los ni\u00f1os de 4\u00ba grado. Es que desde 2003 se\u00a0llev\u00f3 a cabo en la plaza central del distrito, lugar en el que finalmente se realizar\u00e1, y el a\u00f1o pasado en el estadio deportivo, decisi\u00f3n que tom\u00f3 el por entonces Ejecutivo municipal por la populosa convocatoria de la comunidad.<\/p>\n<p>\u201cCelebramos esta decisi\u00f3n y ratificamos nuestro compromiso con la memoria, la verdad y la justicia. Hemos repudiado este desprop\u00f3sito que estaba organizando el intendente Tagliaferro de llevar a los chicos de 4\u00ba grado de todas las escuelas de Mor\u00f3n a prometer lealtad a la bandera nacional en este sitio. S\u00f3lo se explica en el marco del permanente vapuleo a la memoria colectiva promovida por la derecha macrista que nos gobierna\u201d, expres\u00f3 al respecto concejal del FpV local, Hern\u00e1n Sabbatella.<\/p>\n<p>Asimismo, el dirigente de Nuevo Encuentro record\u00f3 que la ex S\u00e9ptima Brigada A\u00e9rea fue \u00abun\u00a0espacio donde se han cometido delitos de lesa humanidad que afectan a toda la sociedad y por eso hemos exigido al intendente que se modifique el lugar\u00bb, junto a una multitud de organizaciones que incluy\u00f3 a padres y madres de escuelas p\u00fablicas y privadas de Mor\u00f3n.<\/p>\n<h6>Fuente: InfoCielo<\/h6>\n","protected":false},"excerpt":{"rendered":"<p>El intendente de Mor\u00f3n, Ramiro Tagliaferro, dio marcha atr\u00e1s con la decisi\u00f3n de que estudiantes lleven a cabo el juramento a la lealtad a la bandera en la ex S\u00e9ptima Brigada A\u00e9rea, lugar en el que funcion\u00f3 un centro clandestino de detenci\u00f3n<\/p>\n","protected":false},"author":2,"featured_media":49550,"comment_status":"closed","ping_status":"closed","sticky":false,"template":"","format":"standard","meta":{"footnotes":""},"categories":[2],"tags":[12],"class_list":["post-49549","post","type-post","status-publish","format-standard","has-post-thumbnail","hentry","category-informe-municipal","tag-buenos-aires"],"_links":{"self":[{"href":"http:\/\/argentinamunicipal.com.ar\/argentina\/wp-json\/wp\/v2\/posts\/49549","targetHints":{"allow":["GET"]}}],"collection":[{"href":"http:\/\/argentinamunicipal.com.ar\/argentina\/wp-json\/wp\/v2\/posts"}],"about":[{"href":"http:\/\/argentinamunicipal.com.ar\/argentina\/wp-json\/wp\/v2\/types\/post"}],"author":[{"embeddable":true,"href":"http:\/\/argentinamunicipal.com.ar\/argentina\/wp-json\/wp\/v2\/users\/2"}],"replies":[{"embeddable":true,"href":"http:\/\/argentinamunicipal.com.ar\/argentina\/wp-json\/wp\/v2\/comments?post=49549"}],"version-history":[{"count":0,"href":"http:\/\/argentinamunicipal.com.ar\/argentina\/wp-json\/wp\/v2\/posts\/49549\/revisions"}],"wp:featuredmedia":[{"embeddable":true,"href":"http:\/\/argentinamunicipal.com.ar\/argentina\/wp-json\/wp\/v2\/media\/49550"}],"wp:attachment":[{"href":"http:\/\/argentinamunicipal.com.ar\/argentina\/wp-json\/wp\/v2\/media?parent=49549"}],"wp:term":[{"taxonomy":"category","embeddable":true,"href":"http:\/\/argentinamunicipal.com.ar\/argentina\/wp-json\/wp\/v2\/categories?post=49549"},{"taxonomy":"post_tag","embeddable":true,"href":"http:\/\/argentinamunicipal.com.ar\/argentina\/wp-json\/wp\/v2\/tags?post=49549"}],"curies":[{"name":"wp","href":"https:\/\/api.w.org\/{rel}","templated":true}]}}