{"id":49590,"date":"2016-06-10T08:04:26","date_gmt":"2016-06-10T11:04:26","guid":{"rendered":"http:\/\/argentinamunicipal.com.ar\/argentina\/?p=49590"},"modified":"2016-06-10T08:04:26","modified_gmt":"2016-06-10T11:04:26","slug":"municipio-santa-fe-adhiere-al-programa-munigestion","status":"publish","type":"post","link":"http:\/\/argentinamunicipal.com.ar\/argentina\/municipio-santa-fe-adhiere-al-programa-munigestion\/","title":{"rendered":"El municipio de Santa Fe adhiere al programa Munigesti\u00f3n"},"content":{"rendered":"<p>El intendente Jos\u00e9 Corral participar\u00e1 este viernes de la presentaci\u00f3n en sociedad de Munigesti\u00f3n, un programa de capacitaci\u00f3n para funcionarios p\u00fablicos que llevar\u00e1n adelante las casas de altos estudios. La puesta en marcha ser\u00e1 a las 10, en el Paraninfo de la UNL. Luego, el mandatario local disertar\u00e1 en torno a \u00abPol\u00edticas p\u00fablicas y gobiernos locales\u00bb.<\/p>\n<p>El Gobierno de la Ciudad adherir\u00e1 este viernes al programa denominado Munigesti\u00f3n, que llevar\u00e1n adelante la Universidad Nacional del Litoral (UNL) y la Universidad Nacional de Rosario (UNR) con el objetivo de capacitar a municipios y comunas de Santa Fe.<\/p>\n<p>El intendente Jos\u00e9 Corral firmar\u00e1 un convenio junto a las principales autoridades de las casas de estudios y otros mandatarios locales, en el marco de una ceremonia que se desarrollar\u00e1 desde las 10 en el Paraninfo de la UNL. Tras el acto, el mandatario santafesino participar\u00e1 de la primera conferencia del ciclo \u00abPol\u00edticas p\u00fablicas y gobiernos locales\u00bb. Ser\u00e1 en el propio Paraninfo y compartir\u00e1 el panel junto a Fabio Quetglas.<\/p>\n<p>Cabe se\u00f1alar que Munigesti\u00f3n es una iniciativa que apunta a incrementar las oportunidades de formaci\u00f3n en servicio de los equipos t\u00e9cnicos y pol\u00edticos de gobiernos locales, con el prop\u00f3sito de fortalecer las capacidades de gesti\u00f3n e innovaci\u00f3n pol\u00edtica. El programa est\u00e1 destinado a personal con responsabilidades en la definici\u00f3n de pol\u00edticas p\u00fablicas, como as\u00ed tambi\u00e9n personal t\u00e9cnico responsable de diferentes \u00e1reas, y profesionales cuyas incumbencias refieran a la tem\u00e1tica municipal.<\/p>\n<p>Con una duraci\u00f3n anual, la propuesta constar\u00e1 de m\u00f3dulos de trabajo con caracter\u00edstica semi-presencial. Entre otros ejes, se abordar\u00e1n los temas administraci\u00f3n y gesti\u00f3n municipal; comunicaci\u00f3n de gobierno, y desarrollo en t\u00e9cnicas legislativas. Seg\u00fan se anticip\u00f3, habr\u00e1 encuentros regionales que se desarrollar\u00e1n en 6 ciudades de la provincia para abordar tem\u00e1ticas propias de inter\u00e9s de la zona de influencia. Tambi\u00e9n se desarrollar\u00e1n de acuerdo a las demandas planteadas por los municipios y comunas conferencias y foros sobre temas espec\u00edficos con la participaci\u00f3n de especialistas invitados.<\/p>\n<h6>Fuente: Sin Mordaza<\/h6>\n","protected":false},"excerpt":{"rendered":"<p>El intendente Jos\u00e9 Corral participar\u00e1 este viernes de la presentaci\u00f3n en sociedad de Munigesti\u00f3n, un programa de capacitaci\u00f3n para funcionarios p\u00fablicos que llevar\u00e1n adelante las casas de altos estudios.<\/p>\n","protected":false},"author":2,"featured_media":49591,"comment_status":"closed","ping_status":"closed","sticky":false,"template":"","format":"standard","meta":{"footnotes":""},"categories":[2],"tags":[10],"class_list":["post-49590","post","type-post","status-publish","format-standard","has-post-thumbnail","hentry","category-informe-municipal","tag-santa-fe"],"_links":{"self":[{"href":"http:\/\/argentinamunicipal.com.ar\/argentina\/wp-json\/wp\/v2\/posts\/49590","targetHints":{"allow":["GET"]}}],"collection":[{"href":"http:\/\/argentinamunicipal.com.ar\/argentina\/wp-json\/wp\/v2\/posts"}],"about":[{"href":"http:\/\/argentinamunicipal.com.ar\/argentina\/wp-json\/wp\/v2\/types\/post"}],"author":[{"embeddable":true,"href":"http:\/\/argentinamunicipal.com.ar\/argentina\/wp-json\/wp\/v2\/users\/2"}],"replies":[{"embeddable":true,"href":"http:\/\/argentinamunicipal.com.ar\/argentina\/wp-json\/wp\/v2\/comments?post=49590"}],"version-history":[{"count":0,"href":"http:\/\/argentinamunicipal.com.ar\/argentina\/wp-json\/wp\/v2\/posts\/49590\/revisions"}],"wp:featuredmedia":[{"embeddable":true,"href":"http:\/\/argentinamunicipal.com.ar\/argentina\/wp-json\/wp\/v2\/media\/49591"}],"wp:attachment":[{"href":"http:\/\/argentinamunicipal.com.ar\/argentina\/wp-json\/wp\/v2\/media?parent=49590"}],"wp:term":[{"taxonomy":"category","embeddable":true,"href":"http:\/\/argentinamunicipal.com.ar\/argentina\/wp-json\/wp\/v2\/categories?post=49590"},{"taxonomy":"post_tag","embeddable":true,"href":"http:\/\/argentinamunicipal.com.ar\/argentina\/wp-json\/wp\/v2\/tags?post=49590"}],"curies":[{"name":"wp","href":"https:\/\/api.w.org\/{rel}","templated":true}]}}