{"id":49605,"date":"2016-06-10T06:34:47","date_gmt":"2016-06-10T09:34:47","guid":{"rendered":"http:\/\/argentinamunicipal.com.ar\/argentina\/?p=49605"},"modified":"2016-06-10T08:36:48","modified_gmt":"2016-06-10T11:36:48","slug":"modificaron-una-ordenanza-parana-tendra-alojamiento-municipal-transitorio","status":"publish","type":"post","link":"http:\/\/argentinamunicipal.com.ar\/argentina\/modificaron-una-ordenanza-parana-tendra-alojamiento-municipal-transitorio\/","title":{"rendered":"Modificaron una Ordenanza y Paran\u00e1 tendr\u00e1 un \u00abAlojamiento Municipal Transitorio\u00bb"},"content":{"rendered":"<p>El concejal de Cambiemos, Pablo Hern\u00e1ndez, tambi\u00e9n asegur\u00f3 que las personas en situaci\u00f3n de calle \u00abpueden canalizar sus demandas en la l\u00ednea telef\u00f3nica del Servicio de Atenci\u00f3n al vecino N\u00b0 147\u00bb.<\/p>\n<p>\u201cEs decisi\u00f3n de este gobierno municipal trabajar decididamente en el abordaje de un tema tan sensible desde el punto de vista humano\u201d, afirm\u00f3 el concejal Pablo Hern\u00e1ndez, luego de la promulgaci\u00f3n de la ordenanza que modifica el Programa Integral de Asistencia a Personas en Situaci\u00f3n de Calle.<\/p>\n<p>Refiri\u00e9ndose a las reformas introducidas a la Ordenanza N\u00b0 8.932, sancionada en el a\u00f1o 2010 por el Concejo Deliberante de Paran\u00e1, explic\u00f3\u00a0que la norma modificada por el cuerpo legislativo, mediante la ordenanza N\u00b0 9.394, aprobada en la sesi\u00f3n del 5 de mayo prev\u00e9: \u201cLa habilitaci\u00f3n de un Alojamiento Municipal Transitorio adecuado para personas que habitan en los espacios p\u00fablicos, estableciendo guardias activas y pasivas de atenci\u00f3n, la adquisici\u00f3n de unidades m\u00f3viles para su rescate y traslado, estando a cargo de un equipo interdisciplinario dependiente de la Secretar\u00eda General y de Derechos Humanos, definir las pol\u00edticas de seguridad, salud, empleo, vivienda y educaci\u00f3n, destinadas a personas en situaci\u00f3n de calle\u201d.<\/p>\n<p>Hern\u00e1ndez a\u00f1adi\u00f3 que \u201cla demanda de los servicios sociales, que la nueva ordenanza estipula, podr\u00e1n ser canalizados por los ciudadanos a trav\u00e9s de la l\u00ednea telef\u00f3nica del Servicio de atenci\u00f3n al vecino N\u00b0 147\u201d.<\/p>\n<p>\u201cEsta l\u00ednea ofrecer\u00e1 recepci\u00f3n y resoluci\u00f3n de demandas de personas en situaci\u00f3n de calle, riesgo social y\/o derechos vulnerados; atenci\u00f3n personalizada ante emergencias sociales y\/o situaci\u00f3n de crisis fuera de los horarios normales de atenci\u00f3n de los servicios sociales y derivaci\u00f3n de la demanda pertinente a los servicios especializados\u201d, agreg\u00f3.<\/p>\n<p>El legislador municipal resalt\u00f3 que personal de la Secretar\u00eda General y de Derechos Humanos Municipal, encabezados por su titular Eduardo Solari \u00a0\u00abrecorren diversas zonas de la ciudad como la peatonal, Plaza de Mayo, Terminal de \u00d3mnibus y el hospital San Mart\u00edn, ofreciendo a estas personas la posibilidad de ser asistidas, advirtiendo que algunas de ellas han decidido adoptar como una opci\u00f3n vivir en situaci\u00f3n de calle\u00bb.<\/p>\n<p>Respecto a los lugares que el municipio cuenta actualmente para su alojamiento, mencion\u00f3: \u00abLa residencia municipal Madre Teresa de Calcuta, ubicada en calle Don Bosco 1724, la Direcci\u00f3n de Protecci\u00f3n Civil Municipal, emplazada en calle Carb\u00f3 945 y pr\u00f3ximamente se tiene previsto habilitar las instalaciones del Centro de Integraci\u00f3n Comunitaria (CIC). Este que tiene su sede en calles Blas Parera y Almirante Brown\u00bb.<\/p>\n<p>Hern\u00e1ndez enfatiz\u00f3 que las medidas orientadas a las personas en situaci\u00f3n de calle, \u201cimplican un compromiso de todos para trabajar en su soluci\u00f3n, ofreci\u00e9ndoles una mejor perspectiva de vida, para que no lleguen a esta situaci\u00f3n\u201d.<\/p>\n<h6>Fuente: Uno Entre R\u00edos<\/h6>\n","protected":false},"excerpt":{"rendered":"<p>El concejal de Cambiemos, Pablo Hern\u00e1ndez, tambi\u00e9n asegur\u00f3 que las personas en situaci\u00f3n de calle \u00abpueden canalizar sus demandas en la l\u00ednea telef\u00f3nica del Servicio de Atenci\u00f3n al vecino N\u00b0 147\u00bb. <\/p>\n","protected":false},"author":2,"featured_media":49606,"comment_status":"closed","ping_status":"closed","sticky":false,"template":"","format":"standard","meta":{"footnotes":""},"categories":[2],"tags":[17],"class_list":["post-49605","post","type-post","status-publish","format-standard","has-post-thumbnail","hentry","category-informe-municipal","tag-entre-rios"],"_links":{"self":[{"href":"http:\/\/argentinamunicipal.com.ar\/argentina\/wp-json\/wp\/v2\/posts\/49605","targetHints":{"allow":["GET"]}}],"collection":[{"href":"http:\/\/argentinamunicipal.com.ar\/argentina\/wp-json\/wp\/v2\/posts"}],"about":[{"href":"http:\/\/argentinamunicipal.com.ar\/argentina\/wp-json\/wp\/v2\/types\/post"}],"author":[{"embeddable":true,"href":"http:\/\/argentinamunicipal.com.ar\/argentina\/wp-json\/wp\/v2\/users\/2"}],"replies":[{"embeddable":true,"href":"http:\/\/argentinamunicipal.com.ar\/argentina\/wp-json\/wp\/v2\/comments?post=49605"}],"version-history":[{"count":0,"href":"http:\/\/argentinamunicipal.com.ar\/argentina\/wp-json\/wp\/v2\/posts\/49605\/revisions"}],"wp:featuredmedia":[{"embeddable":true,"href":"http:\/\/argentinamunicipal.com.ar\/argentina\/wp-json\/wp\/v2\/media\/49606"}],"wp:attachment":[{"href":"http:\/\/argentinamunicipal.com.ar\/argentina\/wp-json\/wp\/v2\/media?parent=49605"}],"wp:term":[{"taxonomy":"category","embeddable":true,"href":"http:\/\/argentinamunicipal.com.ar\/argentina\/wp-json\/wp\/v2\/categories?post=49605"},{"taxonomy":"post_tag","embeddable":true,"href":"http:\/\/argentinamunicipal.com.ar\/argentina\/wp-json\/wp\/v2\/tags?post=49605"}],"curies":[{"name":"wp","href":"https:\/\/api.w.org\/{rel}","templated":true}]}}