{"id":49622,"date":"2016-06-11T09:40:46","date_gmt":"2016-06-11T12:40:46","guid":{"rendered":"http:\/\/argentinamunicipal.com.ar\/argentina\/?p=49622"},"modified":"2016-06-11T09:40:46","modified_gmt":"2016-06-11T12:40:46","slug":"plan-fines-nacion-redujo-fondos-santa-fe-abre-10-sedes-menos","status":"publish","type":"post","link":"http:\/\/argentinamunicipal.com.ar\/argentina\/plan-fines-nacion-redujo-fondos-santa-fe-abre-10-sedes-menos\/","title":{"rendered":"Plan Fines: Naci\u00f3n redujo fondos y Santa Fe abre 10 sedes menos"},"content":{"rendered":"<p>Educaci\u00f3n. La provincia preinscribe para el programa nacional que permite terminar la primaria y la secundaria. Aseguraron que los espacios que no funcionar\u00e1n en esta edici\u00f3n est\u00e1n en lugares donde la demanda ya se cubri\u00f3<\/p>\n<p>Mientras contin\u00faa la lucha de los sectores sindicales para garantizar la continuidad de los planes nacionales, el Ministerio de Educaci\u00f3n de la provincia anunci\u00f3 la apertura de inscripciones para una nueva cohorte del Plan Fines. El financiamiento sigue siendo de la Naci\u00f3n pero, como es menor, la provincia abrir\u00e1 10 sedes menos que en cohortes anteriores. De todas maneras, aseguraron que los espacios que no se habilitar\u00e1n est\u00e1n ubicados en zonas donde la demanda baj\u00f3 significativamente en los \u00faltimos a\u00f1os.<\/p>\n<p>La Direcci\u00f3n provincial de Educaci\u00f3n Permanente de J\u00f3venes y Adultos inici\u00f3 la preinscripci\u00f3n de los interesados en finalizar sus estudios primarios y secundarios. Desde el mi\u00e9rcoles pasado y hasta el 24 de junio se pueden consultar las sedes y completar los tr\u00e1mites administrativos. \u201cEl objetivo es ver cu\u00e1ntas comisiones vamos a necesitar para definir la cantidad de tutores. Cada comisi\u00f3n tendr\u00e1 entre 10 y 15 alumnos\u201d, explic\u00f3 Noem\u00ed Stara, directora de Educaci\u00f3n para Adultos.<\/p>\n<p>La funcionaria explic\u00f3 que la convocatoria est\u00e1 abierta a los mayores de 18 a\u00f1os que no hayan terminado la primaria o la secundaria y a quienes han aprobado 1\u00ba y 2\u00ba a\u00f1o del secundario sin adeudar materias. \u201cToda persona que est\u00e9 interesada en el Plan Fines se puede acercar a cualquier escuela de la provincia y consultar porque todas van a tener la informaci\u00f3n necesaria en el subportal de Educaci\u00f3n \u2013www.santafe.gov.ar\/educacion\u2013; si no pueden llamar a la Direcci\u00f3n al 4506822, donde hay un referente del Plan Fines\u201d, detall\u00f3.\u00a0Y agreg\u00f3 que, desde 2008, hubo 30.946 inscriptos en 12 cohortes y que la tasa de promoci\u00f3n de quienes participaron oscil\u00f3 entre el 62 y 87 por ciento a lo largo de ocho a\u00f1os.<\/p>\n<p><strong>Tiempo de ajustes<\/strong><br \/>\nEl Plan Fines es nacional y fue una de las propuestas cuya continuidad se pusieron en duda con el cambio de gesti\u00f3n. \u201cEl Consejo Federal de Educaci\u00f3n estuvo evaluando el plan y se le decidi\u00f3 dar continuidad, ya que en un comienzo se hab\u00eda dicho que no iba a seguir\u201d, record\u00f3 Stara y a\u00f1adi\u00f3 que los buenos resultados obtenidos generaron que se reabra la inscripci\u00f3n.<\/p>\n<p>En ese sentido, aclar\u00f3 que los tutores santafesinos \u201ccobran el valor de la hora c\u00e1tedra como el resto de los educadores provinciales\u201d. Y acot\u00f3 que \u201clos recursos est\u00e1n garantizados. Los docentes est\u00e1n escalafonados en las escuelas sedes y las horas de tutor\u00eda se ofrecen por escalaf\u00f3n\u201d.<\/p>\n<p>Adem\u00e1s remarc\u00f3 que los fondos con los que se costea la continuidad del plan son nacionales. Aunque reconoci\u00f3: \u201cNaci\u00f3n no env\u00eda el ciento por ciento (del dinero necesario) por eso hicimos una reducci\u00f3n de sedes. En relaci\u00f3n a otros a\u00f1os hay 10 sedes menos porque los recursos que habilit\u00f3 Naci\u00f3n para el ciclo lectivo son menores a los que hemos solicitado en a\u00f1os anteriores\u201d.<\/p>\n<p>De todas maneras dijo que el sostenimiento del plan en el territorio hace que la demanda de lugares sea cada vez menor.\u201cLa l\u00ednea ha sido muy bien aprovechada desde la provincia\u201d, concluy\u00f3 la funcionaria.Caracter\u00edsticas de la convocatoria<br \/>\nDesde la Direcci\u00f3n provincial de Educaci\u00f3n Permanente de J\u00f3venes y Adultos abrieron la inscripci\u00f3n para todas las personas mayores de 18 a\u00f1os que quieran completar la educaci\u00f3n obligatoria a trav\u00e9s del Plan Fines.<\/p>\n<p>Seg\u00fan detallaron, el programa tiene diferentes l\u00edneas para quienes buscan completar la educaci\u00f3n secundaria que han concluido en forma regular el \u00faltimo a\u00f1o de la educaci\u00f3n secundaria y adeudan materias para su finalizaci\u00f3n. Adem\u00e1s, est\u00e1 destinado a los mayores de 18 a\u00f1os que no terminaron la primaria o la secundaria.<\/p>\n<p>En todo los casos es para las escuelas secundarias orientadas, ya que para los estudiantes de escuelas t\u00e9cnicas, se abrir\u00e1 la l\u00ednea de trabajo FinEsTec en el segundo semestre de 2016.<\/p>\n<p>En todas las l\u00edneas, los estudiantes realizan las actividades en las escuelas establecidas como sede y son acompa\u00f1ados por docentes tutores quienes les brindan acompa\u00f1amiento en el estudio de las asignaturas pendientes.<\/p>\n<p>La primera l\u00ednea secundaria del programa es para los alumnos que egresaron 5\u00b0 a\u00f1o con materias pendientes. En tanto, la segunda l\u00ednea secundaria del programa, est\u00e1 destinada a aquellos estudiantes que quieran completar 3\u00b0 a\u00f1o, teniendo 1\u00b0 y 2\u00b0 a\u00f1o aprobados sin adeudar materias. Existe tambi\u00e9n el programa destinado a aquellos que quieran terminar la escuela primaria y quieran completar 6\u00b0 y 7\u00b0.<\/p>\n<h6>Fuente: Uno Santa Fe<\/h6>\n","protected":false},"excerpt":{"rendered":"<p>Educaci\u00f3n. La provincia preinscribe para el programa nacional que permite terminar la primaria y la secundaria. Aseguraron que los espacios que no funcionar\u00e1n en esta edici\u00f3n est\u00e1n en lugares donde la demanda ya se cubri\u00f3<\/p>\n","protected":false},"author":2,"featured_media":49623,"comment_status":"closed","ping_status":"closed","sticky":false,"template":"","format":"standard","meta":{"footnotes":""},"categories":[65],"tags":[10],"class_list":["post-49622","post","type-post","status-publish","format-standard","has-post-thumbnail","hentry","category-provincias","tag-santa-fe"],"_links":{"self":[{"href":"http:\/\/argentinamunicipal.com.ar\/argentina\/wp-json\/wp\/v2\/posts\/49622","targetHints":{"allow":["GET"]}}],"collection":[{"href":"http:\/\/argentinamunicipal.com.ar\/argentina\/wp-json\/wp\/v2\/posts"}],"about":[{"href":"http:\/\/argentinamunicipal.com.ar\/argentina\/wp-json\/wp\/v2\/types\/post"}],"author":[{"embeddable":true,"href":"http:\/\/argentinamunicipal.com.ar\/argentina\/wp-json\/wp\/v2\/users\/2"}],"replies":[{"embeddable":true,"href":"http:\/\/argentinamunicipal.com.ar\/argentina\/wp-json\/wp\/v2\/comments?post=49622"}],"version-history":[{"count":0,"href":"http:\/\/argentinamunicipal.com.ar\/argentina\/wp-json\/wp\/v2\/posts\/49622\/revisions"}],"wp:featuredmedia":[{"embeddable":true,"href":"http:\/\/argentinamunicipal.com.ar\/argentina\/wp-json\/wp\/v2\/media\/49623"}],"wp:attachment":[{"href":"http:\/\/argentinamunicipal.com.ar\/argentina\/wp-json\/wp\/v2\/media?parent=49622"}],"wp:term":[{"taxonomy":"category","embeddable":true,"href":"http:\/\/argentinamunicipal.com.ar\/argentina\/wp-json\/wp\/v2\/categories?post=49622"},{"taxonomy":"post_tag","embeddable":true,"href":"http:\/\/argentinamunicipal.com.ar\/argentina\/wp-json\/wp\/v2\/tags?post=49622"}],"curies":[{"name":"wp","href":"https:\/\/api.w.org\/{rel}","templated":true}]}}