{"id":49643,"date":"2016-06-11T11:56:31","date_gmt":"2016-06-11T14:56:31","guid":{"rendered":"http:\/\/argentinamunicipal.com.ar\/argentina\/?p=49643"},"modified":"2016-06-11T11:56:31","modified_gmt":"2016-06-11T14:56:31","slug":"plottier-le-reclama-al-gobierno-construya-escuelas","status":"publish","type":"post","link":"http:\/\/argentinamunicipal.com.ar\/argentina\/plottier-le-reclama-al-gobierno-construya-escuelas\/","title":{"rendered":"Plottier le reclama al Gobierno que construya escuelas"},"content":{"rendered":"<p>El Consejo de la Ni\u00f1ez dice que hacen falta quince establecimientos. Los ediles quieren ver a Guti\u00e9rrez.<\/p>\n<p>La preocupaci\u00f3n por la falta de construcci\u00f3n de edificios escolares en la ciudad lleg\u00f3 al Concejo Deliberante, desde donde aprobaron ayer un pedido de audiencia con el gobernador, Omar Guti\u00e9rrez, para exigir un plan de obras escolares para Plottier. Le solicitar\u00e1n con urgencia los tres jardines de infantes anunciados por \u00e9l, una escuela primaria y una t\u00e9cnica.<\/p>\n<p>Este pedido \u2013sancionado por unanimidad\u2013 es el desenlace de las varias reuniones que los concejales tuvieron con integrantes del Consejo de la Ni\u00f1ez y la Adolescencia de Plottier. Esa instituci\u00f3n estableci\u00f3 que la necesidad se eleva a quince nuevos establecimientos.<\/p>\n<p>Un tercio de la poblaci\u00f3n tiene entre 0 y 18 a\u00f1os y actualmente siguen sum\u00e1ndose nuevos vecinos que necesitan escolarizar a sus chicos.<\/p>\n<p>De los datos del \u00faltimo censo, m\u00e1s de los que arroja el Registro Civil local donde se hacen unos 2000 cambios de domicilio por a\u00f1o, los integrantes de este Consejo definieron esta necesidad que se divide en 1 colegio especial, 2 CPEM, 1 t\u00e9cnica, 3 primarias, 5 jardines de infantes y la construcci\u00f3n de los edificios de la Escuela de M\u00fasica, de la Laboral y del Instituto de Formaci\u00f3n Docente N\u00ba 5.<\/p>\n<p>Cada edificio requiere dimensiones especiales. Para un jard\u00edn de infantes hacen falta 3000 metros cuadrados, para una escuela primaria, especial o CPEM, 5000 y para una t\u00e9cnica, 10.000. Por eso es necesario contar con seis hect\u00e1reas.<\/p>\n<p>El concejal Marcos Bonzini (FRIN) asegur\u00f3 ayer que la comuna no cuenta con tierras fiscales, por eso adelant\u00f3 que le propondr\u00e1n al gobernador que la Provincia invierta en tierras con este fin.<\/p>\n<p>Actualmente casi 200 ni\u00f1os de 4 a\u00f1os quedaron fuera del sistema de la educaci\u00f3n y esperan por comenzar el ciclo lectivo 2016. Pero aunque desde el Consejo Provincial de Educaci\u00f3n se realiz\u00f3 una inscripci\u00f3n para que asistan en distintas salas de los Centros de Cuidados Infantiles (CCI) de la Municipalidad, a\u00fan esos establecimientos no est\u00e1n acondicionados ediliciamente y los futuros alumnos no pudieron comenzar las clases.<\/p>\n<p><strong>RETRASO<\/strong><br \/>\nElevaron balances de 2011 y 2012<\/p>\n<p>El Concejo Deliberante elev\u00f3 al Tribunal de Cuentas los balances del 2011 y 2012, aunque lo hizo con un rechazo por ser una presentaci\u00f3n extempor\u00e1nea. Seg\u00fan se inform\u00f3, qued\u00f3 establecido que aunque el subsecretario de Hacienda, durante una interpelaci\u00f3n hab\u00eda dicho que esos balances ya estaban elevados, se encontraban a\u00fan en el Concejo.<\/p>\n<h6>Fuente: La Ma\u00f1ana Neuqu\u00e9n<\/h6>\n","protected":false},"excerpt":{"rendered":"<p>El Consejo de la Ni\u00f1ez dice que hacen falta quince establecimientos. Los ediles quieren ver a Guti\u00e9rrez.<\/p>\n","protected":false},"author":2,"featured_media":49644,"comment_status":"closed","ping_status":"closed","sticky":false,"template":"","format":"standard","meta":{"footnotes":""},"categories":[2],"tags":[23],"class_list":["post-49643","post","type-post","status-publish","format-standard","has-post-thumbnail","hentry","category-informe-municipal","tag-neuquen"],"_links":{"self":[{"href":"http:\/\/argentinamunicipal.com.ar\/argentina\/wp-json\/wp\/v2\/posts\/49643","targetHints":{"allow":["GET"]}}],"collection":[{"href":"http:\/\/argentinamunicipal.com.ar\/argentina\/wp-json\/wp\/v2\/posts"}],"about":[{"href":"http:\/\/argentinamunicipal.com.ar\/argentina\/wp-json\/wp\/v2\/types\/post"}],"author":[{"embeddable":true,"href":"http:\/\/argentinamunicipal.com.ar\/argentina\/wp-json\/wp\/v2\/users\/2"}],"replies":[{"embeddable":true,"href":"http:\/\/argentinamunicipal.com.ar\/argentina\/wp-json\/wp\/v2\/comments?post=49643"}],"version-history":[{"count":0,"href":"http:\/\/argentinamunicipal.com.ar\/argentina\/wp-json\/wp\/v2\/posts\/49643\/revisions"}],"wp:featuredmedia":[{"embeddable":true,"href":"http:\/\/argentinamunicipal.com.ar\/argentina\/wp-json\/wp\/v2\/media\/49644"}],"wp:attachment":[{"href":"http:\/\/argentinamunicipal.com.ar\/argentina\/wp-json\/wp\/v2\/media?parent=49643"}],"wp:term":[{"taxonomy":"category","embeddable":true,"href":"http:\/\/argentinamunicipal.com.ar\/argentina\/wp-json\/wp\/v2\/categories?post=49643"},{"taxonomy":"post_tag","embeddable":true,"href":"http:\/\/argentinamunicipal.com.ar\/argentina\/wp-json\/wp\/v2\/tags?post=49643"}],"curies":[{"name":"wp","href":"https:\/\/api.w.org\/{rel}","templated":true}]}}