{"id":49646,"date":"2016-06-11T11:00:57","date_gmt":"2016-06-11T14:00:57","guid":{"rendered":"http:\/\/argentinamunicipal.com.ar\/argentina\/?p=49646"},"modified":"2016-06-11T11:59:44","modified_gmt":"2016-06-11T14:59:44","slug":"pequenos-comerciantes-parana-presentan-amparos-ante-los-aumentos-tarifas","status":"publish","type":"post","link":"http:\/\/argentinamunicipal.com.ar\/argentina\/pequenos-comerciantes-parana-presentan-amparos-ante-los-aumentos-tarifas\/","title":{"rendered":"Peque\u00f1os comerciantes de Paran\u00e1 presentan amparos ante los aumentos de tarifas"},"content":{"rendered":"<p>Asociaci\u00f3n de Almaceneros y Comerciantes Minoristas de Paran\u00e1 los peque\u00f1os comerciantes se sienten \u201cdesamparados\u201d y que no pueden pagar los aumentos de tarifas que, aseguran, representan \u00abm\u00e1s del doble\u00bb con respecto a periodos anteriores.<\/p>\n<p>Desde la Asociaci\u00f3n de Almaceneros y Comerciantes Minoristas de Paran\u00e1 se presentaron amparos individuales contra la suba de la electricidad y del gas en Entre R\u00edos. As\u00ed lo inform\u00f3 el titular de la entidad, Antonio Bluotto, quien agreg\u00f3 que desde la semana pr\u00f3xima se presentar\u00e1n m\u00e1s recursos en forma colectiva.<\/p>\n<p>El presidente de la Asociaci\u00f3n de Almaceneros y Comerciantes de Paran\u00e1 indic\u00f3 que est\u00e1n convocando a los peque\u00f1os empresarios para actuar frente a los aumentos de electricidad y gas que est\u00e1n recibiendo.\u00a0\u201cSe est\u00e1n presentando recursos de amparo contra la luz y el gas que est\u00e1 llegando ahora\u201d y que representan \u201cm\u00e1s del doble\u201d de lo que se pagaba antes, dijo Bluotto y adelant\u00f3 que el lunes a las 14 la entidad convoca a los comerciantes al \u201cEstudio Raiteri\u201d que es quien los asesora, para presentar m\u00e1s amparos en forma colectiva \u201cpara que tengan m\u00e1s fuerza\u201d, afirm\u00f3.<\/p>\n<p>A este panorama Bluotto sum\u00f3 el encarecimiento del peaje del t\u00fanel ya que varios comerciantes traen algo de su mercader\u00eda de Santa Fe.<\/p>\n<p>\u201cEl amparo es porque los comerciantes no los pueden pagar\u201d, puntualiz\u00f3 sobre los nuevos valores de los servicios y afirm\u00f3 que poni\u00e9ndole un \u201c30 por ciento m\u00e1s\u201d a la mercader\u00eda como era usual, no llegan a cubrir los costos.<\/p>\n<p>\u201cDesgraciadamente, el comercio hoy est\u00e1 desamparado porque Apyme y el Centro Comercial no se mueven y otra entidad no existe\u201d, apunt\u00f3 el dirigente quien por problemas de salud de hab\u00eda alejado de la Asociaci\u00f3n y ahora volvi\u00f3 a dirigirla.<\/p>\n<p>\u201cTodo aument\u00f3, pero en la Provincia es una verg\u00fcenza\u201d fustig\u00f3 el referente de los almaceneros de Paran\u00e1 quien tambi\u00e9n carg\u00f3 contra el Ente Provincial Regulador de Energ\u00eda (EPRE) quien \u201cno hizo nada por regular y ayudar al usuario, se borr\u00f3 totalmente y dejo que el Gobierno diga cu\u00e1nto aumentos\u201d.<\/p>\n<h6>Fuente: Uno Entre R\u00edos<\/h6>\n","protected":false},"excerpt":{"rendered":"<p>Asociaci\u00f3n de Almaceneros y Comerciantes Minoristas de Paran\u00e1 los peque\u00f1os comerciantes se sienten \u201cdesamparados\u201d y que no pueden pagar los aumentos de tarifas que, aseguran, representan \u00abm\u00e1s del doble\u00bb con respecto a periodos anteriores.<\/p>\n","protected":false},"author":2,"featured_media":49647,"comment_status":"closed","ping_status":"closed","sticky":false,"template":"","format":"standard","meta":{"footnotes":""},"categories":[2],"tags":[17],"class_list":["post-49646","post","type-post","status-publish","format-standard","has-post-thumbnail","hentry","category-informe-municipal","tag-entre-rios"],"_links":{"self":[{"href":"http:\/\/argentinamunicipal.com.ar\/argentina\/wp-json\/wp\/v2\/posts\/49646","targetHints":{"allow":["GET"]}}],"collection":[{"href":"http:\/\/argentinamunicipal.com.ar\/argentina\/wp-json\/wp\/v2\/posts"}],"about":[{"href":"http:\/\/argentinamunicipal.com.ar\/argentina\/wp-json\/wp\/v2\/types\/post"}],"author":[{"embeddable":true,"href":"http:\/\/argentinamunicipal.com.ar\/argentina\/wp-json\/wp\/v2\/users\/2"}],"replies":[{"embeddable":true,"href":"http:\/\/argentinamunicipal.com.ar\/argentina\/wp-json\/wp\/v2\/comments?post=49646"}],"version-history":[{"count":0,"href":"http:\/\/argentinamunicipal.com.ar\/argentina\/wp-json\/wp\/v2\/posts\/49646\/revisions"}],"wp:featuredmedia":[{"embeddable":true,"href":"http:\/\/argentinamunicipal.com.ar\/argentina\/wp-json\/wp\/v2\/media\/49647"}],"wp:attachment":[{"href":"http:\/\/argentinamunicipal.com.ar\/argentina\/wp-json\/wp\/v2\/media?parent=49646"}],"wp:term":[{"taxonomy":"category","embeddable":true,"href":"http:\/\/argentinamunicipal.com.ar\/argentina\/wp-json\/wp\/v2\/categories?post=49646"},{"taxonomy":"post_tag","embeddable":true,"href":"http:\/\/argentinamunicipal.com.ar\/argentina\/wp-json\/wp\/v2\/tags?post=49646"}],"curies":[{"name":"wp","href":"https:\/\/api.w.org\/{rel}","templated":true}]}}