{"id":49709,"date":"2016-06-13T05:00:01","date_gmt":"2016-06-13T08:00:01","guid":{"rendered":"http:\/\/argentinamunicipal.com.ar\/argentina\/?p=49709"},"modified":"2016-06-13T07:54:37","modified_gmt":"2016-06-13T10:54:37","slug":"la-crisis-mas-gente-pide-ayuda-los-comedores-neuquinos","status":"publish","type":"post","link":"http:\/\/argentinamunicipal.com.ar\/argentina\/la-crisis-mas-gente-pide-ayuda-los-comedores-neuquinos\/","title":{"rendered":"Por la crisis, m\u00e1s gente pide ayuda en los comedores neuquinos"},"content":{"rendered":"<p>Este a\u00f1o, en los centros de asistencia aument\u00f3 la demanda.<\/p>\n<p>La escalada de precios, que se siente con fuerza en los alimentos m\u00e1s b\u00e1sicos, est\u00e1 empujando a muchas familias neuquinas a pedir ayuda para tener algo calentito para llenar la panza. En los comedores solidarios de la ciudad, todos coinciden en que la demanda ha aumentado y esperan un invierno mucho m\u00e1s duro que en a\u00f1os anteriores, tanto desde el punto de vista clim\u00e1tico como desde lo social.<\/p>\n<p>Mary Salvo dirige desde hace siete a\u00f1os uno de los comedores solidarios m\u00e1s grandes de la ciudad. Est\u00e1 ubicado en Rinc\u00f3n del Valle, al norte del barrio Melipal, y recibe todos los d\u00edas a 145 chicos, embarazadas y ancianos que almuerzan all\u00ed. Adem\u00e1s, asiste con comida a domicilio a otras 70 personas.<\/p>\n<p>\u00abEn mayo, salimos por todos lados a buscar donaciones porque la crisis se siente por todos lados: hay m\u00e1s gente que pide, los que colaboran ya no pueden tanto y nosotros tenemos que pagar m\u00e1s caro todo\u00bb, cont\u00f3.<\/p>\n<p>Dijo que la garrafa de gas les cuesta 170 pesos y dura \u00abs\u00f3lo de lunes a viernes\u00bb. Pudieron cubrir los aumentos de los insumos con nuevas manos solidarias, pero est\u00e1n complicados. \u00abAdem\u00e1s de que la plata no alcanza, en el barrio hay gente mayor muy enferma y se les complica con la lluvia y el fr\u00edo de estos d\u00edas, son muchos los que piden ayuda\u00bb, remarc\u00f3.<\/p>\n<p>12 Es el n\u00famero de comedores que no dependen de ning\u00fan gobierno.<\/p>\n<p>Indic\u00f3 que este a\u00f1o, a diferencia de otros, \u00abhubo gente que se hab\u00eda ido y volvi\u00f3; y eso que estamos reci\u00e9n comenzando la etapa del fr\u00edo, se nos viene un invierno muy complicado\u00bb.<\/p>\n<p>Un poco m\u00e1s cerca del centro, Mar\u00eda Ester Payllalef sostiene como puede el comedor Hermano a Hermano en el barrio Muten. Hoy asiste con comida a unas 70 personas de Huertas Comunitarias y Villa Ceferino.<\/p>\n<p>\u00abNosotros estamos muy mal porque nos aument\u00f3 la boleta de gas de 200 a 1530 pesos, y es un comedor que mantenemos con un grupo de colaboradores desde hace 11 a\u00f1os\u00bb, coment\u00f3 alarmada. A\u00f1adi\u00f3 que, adem\u00e1s de necesitar m\u00e1s recursos para pagar los gastos, \u00abel aumento de personas que vienen se not\u00f3 much\u00edsimo este a\u00f1o y tenemos gente que cae al otro d\u00eda a las 10 de la ma\u00f1ana para ver si sobr\u00f3 comida; es muy triste\u00bb.<\/p>\n<p>En el coraz\u00f3n de Cuenca XV, Flor Pinilla les da de comer a cerca de 200 personas en el comedor Rinc\u00f3n de Colores. Ella coincidi\u00f3 en que este a\u00f1o \u00abse nota un aumento en la demanda, y en parte son personas que hab\u00edan dejado de venir, le dieron el lugar a otros y ahora vuelven\u00bb.<\/p>\n<p>Coment\u00f3 que, como el comedor est\u00e1 cerca de las tomas m\u00e1s alejadas, tambi\u00e9n aparecen personas nuevas reci\u00e9n llegadas de otras provincias y hasta de otros pa\u00edses. \u00abTenemos mucha m\u00e1s gente pidiendo ayuda y ac\u00e1 todo el tiempo viene alguien a preguntar si no nos queda un lugar para comer\u00bb, dijo.<\/p>\n<p>Indic\u00f3 que el trabajo solidario por estos d\u00edas \u00abes muy duro, porque tambi\u00e9n est\u00e1n los que necesitan le\u00f1a y ropa, no es s\u00f3lo comida\u00bb. Resumi\u00f3 lo que est\u00e1 pasando en muchos comedores de la ciudad en una frase: \u00abLa ayuda no alcanza porque, a todo el problema econ\u00f3mico que tenemos este invierno, la lluvia le sum\u00f3 un poco m\u00e1s\u00bb.<\/p>\n<p><strong>Tambi\u00e9n en el interior de la provincia<\/strong><\/p>\n<p>En Rinc\u00f3n de los Sauces, una de las principales localidades petroleras, la crisis tambi\u00e9n est\u00e1 golpeando con fuerza a los que menos tienen. Paola, del comedor solidario Tabitas, hizo una descripci\u00f3n poco alentadora del invierno que se asoma. \u00abLo que est\u00e1 pasando es catastr\u00f3fico\u00bb, subray\u00f3.<br \/>\nCont\u00f3 que tienen 60 personas que asisten a comer y \u00abest\u00e1n cayendo cada vez m\u00e1s ni\u00f1os que nos piden un plato, porque hay mucha necesidad\u00bb.<br \/>\nIndic\u00f3 que el aumento de la demanda \u00abes algo que se empez\u00f3 a sentir este \u00faltimo tiempo\u00bb, y que la crisis no s\u00f3lo afecta a los que van a comer, sino tambi\u00e9n a los colaboradores que aportan todos los meses. \u00abUn comercio que antes nos daba 10 paquetes de fideos, ahora s\u00f3lo deja 5 porque cuestan m\u00e1s\u00bb, precis\u00f3.<br \/>\n\u00abEn lugares chicos, se piensa que quiz\u00e1s no hay tantas personas que necesitan, y mucho m\u00e1s en una localidad petrolera, pero el problema social en los barrios es grave y hay muchos que hoy est\u00e1n pidiendo ayuda\u00bb, observ\u00f3.<\/p>\n<h6>Fuente: La Ma\u00f1ana Neuqu\u00e9n<\/h6>\n","protected":false},"excerpt":{"rendered":"<p>Este a\u00f1o, en los centros de asistencia aument\u00f3 la demanda.<\/p>\n","protected":false},"author":2,"featured_media":49710,"comment_status":"closed","ping_status":"closed","sticky":false,"template":"","format":"standard","meta":{"footnotes":""},"categories":[2],"tags":[23],"class_list":["post-49709","post","type-post","status-publish","format-standard","has-post-thumbnail","hentry","category-informe-municipal","tag-neuquen"],"_links":{"self":[{"href":"http:\/\/argentinamunicipal.com.ar\/argentina\/wp-json\/wp\/v2\/posts\/49709","targetHints":{"allow":["GET"]}}],"collection":[{"href":"http:\/\/argentinamunicipal.com.ar\/argentina\/wp-json\/wp\/v2\/posts"}],"about":[{"href":"http:\/\/argentinamunicipal.com.ar\/argentina\/wp-json\/wp\/v2\/types\/post"}],"author":[{"embeddable":true,"href":"http:\/\/argentinamunicipal.com.ar\/argentina\/wp-json\/wp\/v2\/users\/2"}],"replies":[{"embeddable":true,"href":"http:\/\/argentinamunicipal.com.ar\/argentina\/wp-json\/wp\/v2\/comments?post=49709"}],"version-history":[{"count":0,"href":"http:\/\/argentinamunicipal.com.ar\/argentina\/wp-json\/wp\/v2\/posts\/49709\/revisions"}],"wp:featuredmedia":[{"embeddable":true,"href":"http:\/\/argentinamunicipal.com.ar\/argentina\/wp-json\/wp\/v2\/media\/49710"}],"wp:attachment":[{"href":"http:\/\/argentinamunicipal.com.ar\/argentina\/wp-json\/wp\/v2\/media?parent=49709"}],"wp:term":[{"taxonomy":"category","embeddable":true,"href":"http:\/\/argentinamunicipal.com.ar\/argentina\/wp-json\/wp\/v2\/categories?post=49709"},{"taxonomy":"post_tag","embeddable":true,"href":"http:\/\/argentinamunicipal.com.ar\/argentina\/wp-json\/wp\/v2\/tags?post=49709"}],"curies":[{"name":"wp","href":"https:\/\/api.w.org\/{rel}","templated":true}]}}