{"id":49727,"date":"2016-06-13T08:39:20","date_gmt":"2016-06-13T11:39:20","guid":{"rendered":"http:\/\/argentinamunicipal.com.ar\/argentina\/?p=49727"},"modified":"2016-06-13T08:39:20","modified_gmt":"2016-06-13T11:39:20","slug":"la-provincia-impulsa-la-creacion-del-area-metropolitana-santa-fe","status":"publish","type":"post","link":"http:\/\/argentinamunicipal.com.ar\/argentina\/la-provincia-impulsa-la-creacion-del-area-metropolitana-santa-fe\/","title":{"rendered":"La provincia impulsa la creaci\u00f3n del \u00e1rea metropolitana en Santa Fe"},"content":{"rendered":"<p>Luego de la sanci\u00f3n de la ley, el gobierno est\u00e1 difundiendo la norma e invita a municipios y comunas a formar los entes para empezar a dise\u00f1ar pol\u00edticas p\u00fablicas comunes<\/p>\n<p>El crecimiento que tuvo la ciudad de Santa Fe en las \u00faltimas d\u00e9cadas hizo que muchos de sus ciudadanos optaran por vivir en alguna de las localidades cercanas como Santo Tom\u00e9 o Rinc\u00f3n. Tambi\u00e9n sucedi\u00f3 que muchos santafesinos consiguieron trabajo en el parque industrial de Sauce Viejo o prestan servicios en Recreo o Arroyo Leyes. El v\u00ednculo entre las localidades que forman el Gran Santa Fe es cada vez m\u00e1s intenso y, a su vez, las problem\u00e1ticas entre estos municipios y comunas son cada vez m\u00e1s comunes y dejan de reconocer l\u00edmites geogr\u00e1ficos.<\/p>\n<p>\u201cLas grandes conurbaciones, como la que forman la ciudad de Santa Fe y las localidades cercanas, generan una complejidad en la coordinaci\u00f3n y en la planificaci\u00f3n de las pol\u00edticas p\u00fablicas para resolver los problemas concretos que tiene el ciudadano a diario y que requieren de la creaci\u00f3n de espacios institucionales entre los diferentes gobiernos locales para abordarlos desde la pol\u00edtica p\u00fablica. Eso es lo que llamamos \u00e1rea metropolitana, algo que supera los l\u00edmites jurisdiccionales o administrativos de las localidades\u201d, defini\u00f3 el secretario de Gobierno de la provincia, Mariano Cuvertino.<\/p>\n<p>Hay problemas para los que se deben articular pol\u00edticas p\u00fablicas de las diferentes localidades para encontrarles una respuesta. Los ejemplos m\u00e1s claros son el sistema de transporte o la disposici\u00f3n de los residuos urbanos.<\/p>\n<p>\u201cSe trata de un centro urbano con distintos puntos en la periferia hacia donde el ciudadano se traslada por motivos laborales, por ejemplo. Por eso es necesario avanzar en la constituci\u00f3n de estos dispositivos institucionales que permitan coordinar pol\u00edticas p\u00fablicas para dar respuestas a ese tipo de problem\u00e1ticas. Pero adem\u00e1s, tiene que ver con darle una mirada estrat\u00e9gica al desarrollo territorial a partir de la articulaci\u00f3n p\u00fablico-privada que se necesita para mejorar las condiciones de vida de los ciudadanos a los que nos toca vivir en estos territorios como la ciudad de Santa Fe\u201d, le dijo a Diario UNO el funcionario.<\/p>\n<p>Cuvertino rememor\u00f3 que cuando Miguel Lifschitz fue intendente de Rosario fue el impulsor de esta iniciativa que hoy tiene a esa ciudad como cabecera de un \u00e1rea metropolitana que integran 24 localidades. Luego, como senador fue autor del proyecto de ley que se termin\u00f3 sancionando el pasado 20 de abril y ahora como gobernador es el impulsor para que la provincia avance en la creaci\u00f3n de estas herramientas, que en principio la ley las prev\u00e9 para las ciudades que son cabecera de los nodos: Santa Fe, Rosario, Venado Tuerto, Rafaela y Reconquista.<\/p>\n<p>A partir de la sanci\u00f3n de la ley los gobiernos locales deben avanzar en la creaci\u00f3n de los entes metropolitanos, a los que los gobiernos locales deben adherirse.<\/p>\n<p>\u201cEsto pone a Santa Fe en un lugar de privilegio en el marco del concierto de las provincias argentinas en el objetivo de promover un desarrollo sustentable evitando las consecuencias de la falta de planificaci\u00f3n o del crecimiento an\u00e1rquico\u201d, asegur\u00f3 Cuvertino.<\/p>\n<p>\u201cComo gobierno provincial, y a partir del convencimiento del gobernador Lifschitz, estamos avanzando en la realizaci\u00f3n de reuniones como la que tuvimos en la semana en el Concejo Municipal de Santa Fe, con su presidente Leonardo Simoniello, para que se conozca la ley y que se avance en la discusi\u00f3n de la conformaci\u00f3n del \u00e1rea metropolitana. Contamos con la herramienta legal, que es la ley; con experiencias locales como es el ente metropolitano del sur de la provincia; con financiamiento de organismos externos; y tenemos una direcci\u00f3n de \u00c1reas Metropolitanas que depende de la Secretar\u00eda de Gobierno\u201d, describi\u00f3.<\/p>\n<p>La participaci\u00f3n de la provincia en el ente tiene que ver con aportar recursos econ\u00f3micos y t\u00e9cnicos. Para el financiamiento habr\u00e1 un aporte que har\u00e1n los gobiernos locales que adhieran al ente y que estar\u00e1 determinado por la cantidad de habitantes de cada localidad. A su vez la ley establece un piso m\u00ednimo de aporte que har\u00e1 la provincia y que ser\u00e1 el mismo monto que aporten todos los gobiernos locales.<\/p>\n<p>\u201cMe parece fundamental pensar c\u00f3mo podemos ir avanzando en la construcci\u00f3n del proceso pol\u00edtico y social del \u00e1rea metropolitana. En ese punto es importante que el senador Emilio Jat\u00f3n haya puesto en marcha hace poco tiempo su iniciativa Di\u00e1logo Metropolitano donde no solo fueron convocadas las autoridades pol\u00edticas e institucionales del \u00e1rea metropolitana sino tambi\u00e9n una gran cantidad de organizaciones de la sociedad civil que sin dudas ser\u00e1n otro actor importante y que debe jugar un rol central para la discusi\u00f3n de las pol\u00edticas.<\/p>\n<p>\u2014\u00bfEn qu\u00e9 localidades est\u00e1n pensando para el \u00e1rea metropolitana de Santa Fe?<\/p>\n<p>\u2014Santo Tom\u00e9, Sauce Viejo, Rinc\u00f3n, Arroyo Leyes, Monte Vera, Recreo que hoy es una gran conurbaci\u00f3n. Sin dudas es un lugar importante para avanzar con la constituci\u00f3n del ente metropolitano, en el di\u00e1logo entre lo p\u00fablico y lo privado para avanzar en proyectos estrat\u00e9gicos.<\/p>\n<p>\u2014Los nodos de la provincia son criticados desde la oposici\u00f3n por ser considerados una estructura burocr\u00e1tica que aporta muy poco. \u00bfCu\u00e1l es la garant\u00eda de que los entes metropolitanos no sean otra estructura burocr\u00e1tica?<\/p>\n<p>\u2014La importancia de los dispositivos institucionales, de la institucionalidad que generemos depender\u00e1 mucho de cada uno de los actores para poder darles contenido. La ley da un marco general, pero es necesaria la voluntad pol\u00edtica de los actores pol\u00edticos y sociales de avanzar, de encontrarse en estos \u00e1mbitos colectivos de discusi\u00f3n, de debate, de reflexi\u00f3n, pero fundamentalmente de acci\u00f3n. Es necesaria la puesta en pr\u00e1ctica de las pol\u00edticas p\u00fablicas y de proyectos estrat\u00e9gicos que mejoren las condiciones de vida de la gente. Ah\u00ed reside el principal factor que ir\u00e1 generando los consensos necesarios para que estos tipos de herramientas sean de utilidad no solo para los gobiernos locales que son los encargados de construir las soluciones, sino para mejorar las condiciones de vida de la gente, que es lo trascendental.<\/p>\n<p><strong>El avance del Acuerdo Capital<\/strong><\/p>\n<p>\u201cPara nosotros el Acuerdo Capital es el compromiso que el gobernador Lifschitz firma con el intendente Corral, pero que en gran medida es el compromiso con los santafesinos y con la capital provincial, ya est\u00e1 funcionando, hubo una primera etapa l\u00f3gica de proyectos espec\u00edficos y trabajos t\u00e9cnicos, pero a medida que pasa el tiempo vamos avanzando en la ejecuci\u00f3n de los mismos. Hace pocos d\u00edas se firm\u00f3 un convenio para la construcci\u00f3n del camino y alumbrado p\u00fablico en calle Ayacucho, en el oeste de la ciudad. Eso es un ejemplo concreto y que se ir\u00e1 replicando cada vez m\u00e1s\u201d, sostuvo el secretario de Gobierno de la provincia, Mariano Cuvertino.<\/p>\n<p>\u201cEn el Acuerdo Capital hay una gran cantidad de tareas que la provincia est\u00e1 llevando adelante y que van a fortalecer a la ciudad de Santa Fe buscando generar un fuerte impacto en toda la ciudadan\u00eda a partir de obras importantes que tengan que ver con la infraestructura urbana, los servicios y otras cuestiones cotidianas que son necesarias\u201d, a\u00f1adi\u00f3.<\/p>\n<p>Luego el funcionario dijo: \u201cHay una importante cantidad de obras que la provincia est\u00e1 desarrollando y que va a realizar. Est\u00e1n las peque\u00f1as, pero no menos importantes para los vecinos, como el pavimento, el alumbrado p\u00fablico, los desag\u00fces. Y las grandes obras como va a ser el Cemafe, en el centro del casco hist\u00f3rico de la ciudad y que esperamos inaugurar el a\u00f1o que viene\u201d.<\/p>\n<p>A modo de ejemplo Cuvertino repas\u00f3 las obras h\u00eddricas que se est\u00e1n ejecutando: desag\u00fce Larrea, $198 millones; desag\u00fce Llerena, $59 millones; Estaci\u00f3n Bomba 0, $65 millones; canal Las Mandarinas, $8 millones. Esas obras totalizan una inversi\u00f3n provincial en la ciudad de Santa Fe de $330 millones.<\/p>\n<h6>Fuente: Uno Santa Fe<\/h6>\n","protected":false},"excerpt":{"rendered":"<p>Luego de la sanci\u00f3n de la ley, el gobierno est\u00e1 difundiendo la norma e invita a municipios y comunas a formar los entes para empezar a dise\u00f1ar pol\u00edticas p\u00fablicas comunes<\/p>\n","protected":false},"author":2,"featured_media":49728,"comment_status":"closed","ping_status":"closed","sticky":false,"template":"","format":"standard","meta":{"footnotes":""},"categories":[2],"tags":[10],"class_list":["post-49727","post","type-post","status-publish","format-standard","has-post-thumbnail","hentry","category-informe-municipal","tag-santa-fe"],"_links":{"self":[{"href":"http:\/\/argentinamunicipal.com.ar\/argentina\/wp-json\/wp\/v2\/posts\/49727","targetHints":{"allow":["GET"]}}],"collection":[{"href":"http:\/\/argentinamunicipal.com.ar\/argentina\/wp-json\/wp\/v2\/posts"}],"about":[{"href":"http:\/\/argentinamunicipal.com.ar\/argentina\/wp-json\/wp\/v2\/types\/post"}],"author":[{"embeddable":true,"href":"http:\/\/argentinamunicipal.com.ar\/argentina\/wp-json\/wp\/v2\/users\/2"}],"replies":[{"embeddable":true,"href":"http:\/\/argentinamunicipal.com.ar\/argentina\/wp-json\/wp\/v2\/comments?post=49727"}],"version-history":[{"count":0,"href":"http:\/\/argentinamunicipal.com.ar\/argentina\/wp-json\/wp\/v2\/posts\/49727\/revisions"}],"wp:featuredmedia":[{"embeddable":true,"href":"http:\/\/argentinamunicipal.com.ar\/argentina\/wp-json\/wp\/v2\/media\/49728"}],"wp:attachment":[{"href":"http:\/\/argentinamunicipal.com.ar\/argentina\/wp-json\/wp\/v2\/media?parent=49727"}],"wp:term":[{"taxonomy":"category","embeddable":true,"href":"http:\/\/argentinamunicipal.com.ar\/argentina\/wp-json\/wp\/v2\/categories?post=49727"},{"taxonomy":"post_tag","embeddable":true,"href":"http:\/\/argentinamunicipal.com.ar\/argentina\/wp-json\/wp\/v2\/tags?post=49727"}],"curies":[{"name":"wp","href":"https:\/\/api.w.org\/{rel}","templated":true}]}}