{"id":49730,"date":"2016-06-13T08:41:31","date_gmt":"2016-06-13T11:41:31","guid":{"rendered":"http:\/\/argentinamunicipal.com.ar\/argentina\/?p=49730"},"modified":"2016-06-13T08:41:31","modified_gmt":"2016-06-13T11:41:31","slug":"rios-santa-fe-corrientes-gestionaran-viviendas-reubicar-familias-inundadas","status":"publish","type":"post","link":"http:\/\/argentinamunicipal.com.ar\/argentina\/rios-santa-fe-corrientes-gestionaran-viviendas-reubicar-familias-inundadas\/","title":{"rendered":"Entre R\u00edos, Santa Fe y Corrientes gestionar\u00e1n viviendas para reubicar a familias inundadas"},"content":{"rendered":"<p>El reclamo coordinado entre las tres provincias se presentar\u00e1 en una audiencia conjunta solicitada a la ministra Stanley.<\/p>\n<p>Los ministros de Desarrollo Social de las provincias de Santa Fe, Corrientes y Entre R\u00edos, acordaron realizar gestiones conjuntas ante el gobierno nacional, a fin de solicitar fondos especiales para vivienda, con el objetivo de proceder a la reubicaci\u00f3n de las familias que fueron afectadas por las inundaciones de los \u00faltimos meses, y de evitar que la situaci\u00f3n se repita a futuro. La petici\u00f3n hab\u00eda sido conversada previamente con la ministra de Desarrollo Social de Naci\u00f3n, Carolina Stanley, durante el encuentro del Consejo Federal de Ministros.<\/p>\n<p>Los ministros Laura Stratta, de Entre R\u00edos; Jorge \u00c1lvarez, de Santa Fe y Federico Mouli\u00e1, de Corrientes, acordaron junto a autoridades del \u00e1rea de vivienda de las tres provincias, realizar al gobierno nacional un pedido puntual de fondos para la construcci\u00f3n de viviendas en zonas alejadas de las anegables, a fin de reubicar a las familias que sufrieron las inundaciones que azolaron la regi\u00f3n durante los \u00faltimos meses.<\/p>\n<p>\u00c1lvarez, Mouli\u00e1 y Stratta hab\u00edan planteado en conjunto esta situaci\u00f3n a la ministra Stanley durante el encuentro del Consejo Federal de Ministros, realizado hace unas semanas en la Casa Rosada.<\/p>\n<p>En la oportunidad, la funcionaria nacional comprometi\u00f3 su palabra a gestionar ante otras \u00e1reas de la administraci\u00f3n central el reclamo de las provincias m\u00e1s afectadas por las crecientes. El reclamo coordinado entre las tres provincias se presentar\u00e1 en una audiencia conjunta solicitada a la ministra Stanley.<\/p>\n<p>La intenci\u00f3n de las tres provincias es que se genere un cupo especial de viviendas para reubicar las familias que est\u00e1n viviendo en zonas inundadas y que este aporte del gobierno federal se d\u00e9 en el marco de la emergencia h\u00eddrica en el que se encuentra la zona, fuertemente afectada por el cambio clim\u00e1tico y las constantes crecidas de los cursos de agua, siguiendo el lineamiento que se impuso con otros distritos del pa\u00eds.<\/p>\n<p>Estos cupos para atender la emergencia no deber\u00edan afectar los recursos disponibles para las operatorias habituales de programas federales de viviendas, dado que de lo contrario afectar\u00eda la normal operatoria de los mismos.<\/p>\n<p>Acompa\u00f1aron a Stratta, Leonardo Centuri\u00f3n, secretario de Gesti\u00f3n del Ministerio de Desarrollo Social; Alfredo Francolini, presidente del IAPV, y Marcelo B\u00e1ez, vocal del IAPV. Adem\u00e1s de los ministros, participaron en el encuentro el ingeniero Diego Leone, secretario de Estado del H\u00e1bitat; Lucas Crivelli, director provincial de Vivienda y Urbanismo; Jorge Elder, Secretario de Desarrollo Territorial , todos de Santa Fe.<\/p>\n<h6>Fuente: Uno Entre R\u00edos<\/h6>\n","protected":false},"excerpt":{"rendered":"<p>El reclamo coordinado entre las tres provincias se presentar\u00e1 en una audiencia conjunta solicitada a la ministra Stanley.<\/p>\n","protected":false},"author":2,"featured_media":49731,"comment_status":"closed","ping_status":"closed","sticky":false,"template":"","format":"standard","meta":{"footnotes":""},"categories":[65],"tags":[13,17,10],"class_list":["post-49730","post","type-post","status-publish","format-standard","has-post-thumbnail","hentry","category-provincias","tag-corrientes","tag-entre-rios","tag-santa-fe"],"_links":{"self":[{"href":"http:\/\/argentinamunicipal.com.ar\/argentina\/wp-json\/wp\/v2\/posts\/49730","targetHints":{"allow":["GET"]}}],"collection":[{"href":"http:\/\/argentinamunicipal.com.ar\/argentina\/wp-json\/wp\/v2\/posts"}],"about":[{"href":"http:\/\/argentinamunicipal.com.ar\/argentina\/wp-json\/wp\/v2\/types\/post"}],"author":[{"embeddable":true,"href":"http:\/\/argentinamunicipal.com.ar\/argentina\/wp-json\/wp\/v2\/users\/2"}],"replies":[{"embeddable":true,"href":"http:\/\/argentinamunicipal.com.ar\/argentina\/wp-json\/wp\/v2\/comments?post=49730"}],"version-history":[{"count":0,"href":"http:\/\/argentinamunicipal.com.ar\/argentina\/wp-json\/wp\/v2\/posts\/49730\/revisions"}],"wp:featuredmedia":[{"embeddable":true,"href":"http:\/\/argentinamunicipal.com.ar\/argentina\/wp-json\/wp\/v2\/media\/49731"}],"wp:attachment":[{"href":"http:\/\/argentinamunicipal.com.ar\/argentina\/wp-json\/wp\/v2\/media?parent=49730"}],"wp:term":[{"taxonomy":"category","embeddable":true,"href":"http:\/\/argentinamunicipal.com.ar\/argentina\/wp-json\/wp\/v2\/categories?post=49730"},{"taxonomy":"post_tag","embeddable":true,"href":"http:\/\/argentinamunicipal.com.ar\/argentina\/wp-json\/wp\/v2\/tags?post=49730"}],"curies":[{"name":"wp","href":"https:\/\/api.w.org\/{rel}","templated":true}]}}