{"id":49749,"date":"2016-06-21T06:59:38","date_gmt":"2016-06-21T09:59:38","guid":{"rendered":"http:\/\/argentinamunicipal.com.ar\/argentina\/?p=49749"},"modified":"2016-06-21T06:59:38","modified_gmt":"2016-06-21T09:59:38","slug":"elogian-planificacion-estacion-juarez-celman-congreso-internacional","status":"publish","type":"post","link":"http:\/\/argentinamunicipal.com.ar\/argentina\/elogian-planificacion-estacion-juarez-celman-congreso-internacional\/","title":{"rendered":"Elogian planificaci\u00f3n de Estaci\u00f3n Ju\u00e1rez Celman en congreso internacional"},"content":{"rendered":"<p>En un encuentro organizado por el Conicet y la Universidad Nacional de C\u00f3rdoba, el denominado Proyecto Ciudad que lleva adelante el municipio de esa ciudad cordobesa recibi\u00f3 aliento y respaldo por parte de destacadas personalidades.<\/p>\n<p>La iniciativa de planificaci\u00f3n participativa denominada Proyecto Ciudad, que lleva adelante la Municipalidad de Estaci\u00f3n Ju\u00e1rez Celman, recibi\u00f3 elogios de destacadas personalidades cient\u00edficas y acad\u00e9micas en la primera jornada del Congreso Internacional sobre Ciudades Inteligentes, Innovaci\u00f3n y Sustentabilidad, que se realiza en C\u00f3rdoba.<\/p>\n<p>El Proyecto Ciudad es una iniciativa de planificaci\u00f3n a corto, mediano y largo plazo que la gesti\u00f3n que encabeza la intendenta de Estaci\u00f3n Ju\u00e1rez Celman, Myrian Prunotto, lleva adelante desde el a\u00f1o pasado con la participaci\u00f3n de vecinos, empresarios, desarrollistas y actores de la regi\u00f3n del Gran C\u00f3rdoba.<\/p>\n<p>Fue la propia intendenta la encargada de presentar la metodolog\u00eda y los alcances del Proyecto en la apertura misma del congreso que organiz\u00f3 el Centro de Investigaciones y Estudios sobre Cultura y Sociedad (Ciecs), del Conicet y la Universidad Nacional de C\u00f3rdoba, sede del encuentro.<\/p>\n<p>Previamente, el reconocido urbanista colombiano Gustavo Restrepo, antes de referirse a las transformaciones realizadas en la ciudad de Medell\u00edn, Colombia, dedic\u00f3 un espacio de su disertaci\u00f3n en el congreso a elogiar el trabajo realizado en Estaci\u00f3n Ju\u00e1rez Celman, iniciativa en la que aport\u00f3 recetas y lineamientos basados en su vasta experiencia en el asesoramiento de planificaci\u00f3n urbana en numerosos pa\u00edses del mundo.<\/p>\n<p>A su turno, la intendenta Prunotto resalt\u00f3 los aspectos m\u00e1s interesantes del Proyecto Ciudad, iniciativa que se destaca por la participaci\u00f3n y el empoderamiento otorgado a los vecinos y diferentes actores ciudadanos en la definici\u00f3n de las acciones y proyectos a llevar adelante con el objetivo de \u201clograr una ciudad so\u00f1ada por todos\u201d.<\/p>\n<p><strong>Proyectar con todos<\/strong><\/p>\n<p>Tras la proyecci\u00f3n de un breve documental en el que se detallan las enormes potencialidades de su ciudad, sustentadas en factores tales como la presencia de la \u00fanica zona franca de la provincia en su territorio, la cercan\u00eda con el aeropuerto internacional, la conectividad vial y la existencia de un ferrocarril en funcionamiento dentro de sus servicios, entre otras ventajas comparativas, Prunotto detall\u00f3 los distintos pasos que se siguieron hasta llegar a un banco de proyectos de corto, mediano y largo plazo.<\/p>\n<p>\u201cEsta primera etapa demand\u00f3 la realizaci\u00f3n de m\u00e1s de 40 talleres, con la participaci\u00f3n de m\u00e1s de 1.200 vecinos, empresarios, desarrollistas y representantes de las fuerzas vivas de la ciudad\u201d, resalt\u00f3 la intendenta.<br \/>\nCon la ayuda de im\u00e1genes, mostr\u00f3 las diferentes metodolog\u00edas que se llevaron a cabo durante meses para lograr la participaci\u00f3n de todos los sectores y hasta de todos los grupos etarios en la planificaci\u00f3n integral de su ciudad.<\/p>\n<p>Al presentarla en el congreso, el vicepresidente de Smart Latinoam\u00e9rica, Alfredo Ch\u00e1vez, destac\u00f3 la actitud de la intendenta de Estaci\u00f3n Ju\u00e1rez Celman. \u201cElla decidi\u00f3 ponerse a pensar en el futuro de su ciudad, algo inusual y que deber\u00edan imitar todos los gobernantes\u201d, resalt\u00f3 Ch\u00e1vez.<\/p>\n<p>Con un encendido y extenso aplauso al cierre de su presentaci\u00f3n, los participantes del Congreso Internacional, entre los se cuentan destacados referentes de las ciencias sociales, acad\u00e9micos y funcionarios, manifestaron su apoyo a la iniciativa que lleva adelante la intendenta Myrian Prunotto y que, por sus alcances sociales y su cuidada metodolog\u00eda, ya cuenta con el decidido apoyo de distintos estamentos gubernamentales, no s\u00f3lo de la Provincia y la Naci\u00f3n, sino tambi\u00e9n de otros municipios de la regi\u00f3n.<\/p>\n<p>Prunotto eligi\u00f3 cerrar con una frase de John Lennon que sintetiza el esp\u00edritu de su proyecto: \u201cUn sue\u00f1o que sue\u00f1as solo es s\u00f3lo un sue\u00f1o; un sue\u00f1o que so\u00f1amos todos es una realidad\u201d.<\/p>\n<h6>Fuente: La Voz del Interior<\/h6>\n","protected":false},"excerpt":{"rendered":"<p>En un encuentro organizado por el Conicet y la Universidad Nacional de C\u00f3rdoba, el denominado Proyecto Ciudad que lleva adelante el municipio de esa ciudad cordobesa recibi\u00f3 aliento y respaldo por parte de destacadas personalidades.<\/p>\n","protected":false},"author":2,"featured_media":49750,"comment_status":"closed","ping_status":"closed","sticky":false,"template":"","format":"standard","meta":{"footnotes":""},"categories":[2],"tags":[3],"class_list":["post-49749","post","type-post","status-publish","format-standard","has-post-thumbnail","hentry","category-informe-municipal","tag-cordoba"],"_links":{"self":[{"href":"http:\/\/argentinamunicipal.com.ar\/argentina\/wp-json\/wp\/v2\/posts\/49749","targetHints":{"allow":["GET"]}}],"collection":[{"href":"http:\/\/argentinamunicipal.com.ar\/argentina\/wp-json\/wp\/v2\/posts"}],"about":[{"href":"http:\/\/argentinamunicipal.com.ar\/argentina\/wp-json\/wp\/v2\/types\/post"}],"author":[{"embeddable":true,"href":"http:\/\/argentinamunicipal.com.ar\/argentina\/wp-json\/wp\/v2\/users\/2"}],"replies":[{"embeddable":true,"href":"http:\/\/argentinamunicipal.com.ar\/argentina\/wp-json\/wp\/v2\/comments?post=49749"}],"version-history":[{"count":0,"href":"http:\/\/argentinamunicipal.com.ar\/argentina\/wp-json\/wp\/v2\/posts\/49749\/revisions"}],"wp:featuredmedia":[{"embeddable":true,"href":"http:\/\/argentinamunicipal.com.ar\/argentina\/wp-json\/wp\/v2\/media\/49750"}],"wp:attachment":[{"href":"http:\/\/argentinamunicipal.com.ar\/argentina\/wp-json\/wp\/v2\/media?parent=49749"}],"wp:term":[{"taxonomy":"category","embeddable":true,"href":"http:\/\/argentinamunicipal.com.ar\/argentina\/wp-json\/wp\/v2\/categories?post=49749"},{"taxonomy":"post_tag","embeddable":true,"href":"http:\/\/argentinamunicipal.com.ar\/argentina\/wp-json\/wp\/v2\/tags?post=49749"}],"curies":[{"name":"wp","href":"https:\/\/api.w.org\/{rel}","templated":true}]}}