{"id":49752,"date":"2016-06-21T05:00:47","date_gmt":"2016-06-21T08:00:47","guid":{"rendered":"http:\/\/argentinamunicipal.com.ar\/argentina\/?p=49752"},"modified":"2016-06-21T07:03:43","modified_gmt":"2016-06-21T10:03:43","slug":"rafaela-aumento-20-ayuda-social-contexto-economico","status":"publish","type":"post","link":"http:\/\/argentinamunicipal.com.ar\/argentina\/rafaela-aumento-20-ayuda-social-contexto-economico\/","title":{"rendered":"Rafaela: Aument\u00f3 20% ayuda social por el contexto econ\u00f3mico"},"content":{"rendered":"<p>Se sabe que la actividad econ\u00f3mica ha ca\u00eddo y mucho, no s\u00f3lo en nuestra ciudad, sino en todo el pa\u00eds. Jos\u00e9 Luis Rossetto, Secretario de Desarrollo Econ\u00f3mico del Municipio, marc\u00f3 a \u00abAlgo dir\u00e1n\u00bb (Radio Galena, 94.5 Mhz) que se ha incrementado la ayuda que se brinda desde el Municipio.<\/p>\n<p>\u00abTenemos un relevamiento que marca un aumento del 20%. Estamos ajustando todos los n\u00fameros de lo que se estuvo entregando desde el principio de a\u00f1o. Este mes entregamos 2.300 bolsones y en el CIC 2.600 raciones. Vamos a ver entre este mes y el pr\u00f3ximo, para ver los n\u00fameros definitivos\u00bb, dijo el funcionario. Es que en el medio hubo un par de situaciones que complicaron.<\/p>\n<p>\u00abSi bien la CGT no tiene un registro formal de disminuci\u00f3n de puestos de trabajo, s\u00ed la disminuci\u00f3n de horas extras, nosotros vemos que la clase media, al tener menor capacidad econ\u00f3mica, genera menos puestos de trabajo informales: el alba\u00f1il, el pintor, el plomero, muchos ligados a la construcci\u00f3n, por no hacer arreglos en las viviendas.<\/p>\n<p>Esto se suma al mes de lluvia de abril, que complicaron mucho la actividad de los cuentapropistas. Esa gente, no gener\u00f3 ingresos, por lo cual, nos gener\u00f3 un aumento de la demanda\u00bb, describi\u00f3 Rossetto.<\/p>\n<p>\u00abPor lo que estamos viendo, s\u00ed habr\u00e1 un incremento, entre un 18 y un 20 por ciento\u00bb, indic\u00f3.<\/p>\n<p>\u00abCon respecto a los tres comedores, incluidos en el programa provincial de nutrici\u00f3n y otros comedores que est\u00e1n asistiendo para que puedan brindar una comida o una copa de leche. Ellos tambi\u00e9n nos dicen, en funci\u00f3n de los pedidos que nos hacen, que tambi\u00e9n est\u00e1 aumentando la demanda\u00bb, dijo y agreg\u00f3: \u00absi bien no es tan duro como en Buenos Aires, se empieza a sentir el impacto de una econom\u00eda que est\u00e1 en detracci\u00f3n, que no genera nuevos puestos de trabajo y deja a los trabajadores informales en una situaci\u00f3n muy compleja\u00bb.<\/p>\n<p>\u00abLo primero que la gente nos viene a pedir es la posibilidad de un trabajo, no ayuda. Esto nos complica, porque no somos generadores de empleo\u00bb, complet\u00f3.<\/p>\n<h6>Fuente: La Opini\u00f3n Austral<\/h6>\n","protected":false},"excerpt":{"rendered":"<p>Se sabe que la actividad econ\u00f3mica ha ca\u00eddo y mucho, no s\u00f3lo en nuestra ciudad, sino en todo el pa\u00eds.<\/p>\n","protected":false},"author":2,"featured_media":49753,"comment_status":"closed","ping_status":"closed","sticky":false,"template":"","format":"standard","meta":{"footnotes":""},"categories":[2],"tags":[10],"class_list":["post-49752","post","type-post","status-publish","format-standard","has-post-thumbnail","hentry","category-informe-municipal","tag-santa-fe"],"_links":{"self":[{"href":"http:\/\/argentinamunicipal.com.ar\/argentina\/wp-json\/wp\/v2\/posts\/49752","targetHints":{"allow":["GET"]}}],"collection":[{"href":"http:\/\/argentinamunicipal.com.ar\/argentina\/wp-json\/wp\/v2\/posts"}],"about":[{"href":"http:\/\/argentinamunicipal.com.ar\/argentina\/wp-json\/wp\/v2\/types\/post"}],"author":[{"embeddable":true,"href":"http:\/\/argentinamunicipal.com.ar\/argentina\/wp-json\/wp\/v2\/users\/2"}],"replies":[{"embeddable":true,"href":"http:\/\/argentinamunicipal.com.ar\/argentina\/wp-json\/wp\/v2\/comments?post=49752"}],"version-history":[{"count":0,"href":"http:\/\/argentinamunicipal.com.ar\/argentina\/wp-json\/wp\/v2\/posts\/49752\/revisions"}],"wp:featuredmedia":[{"embeddable":true,"href":"http:\/\/argentinamunicipal.com.ar\/argentina\/wp-json\/wp\/v2\/media\/49753"}],"wp:attachment":[{"href":"http:\/\/argentinamunicipal.com.ar\/argentina\/wp-json\/wp\/v2\/media?parent=49752"}],"wp:term":[{"taxonomy":"category","embeddable":true,"href":"http:\/\/argentinamunicipal.com.ar\/argentina\/wp-json\/wp\/v2\/categories?post=49752"},{"taxonomy":"post_tag","embeddable":true,"href":"http:\/\/argentinamunicipal.com.ar\/argentina\/wp-json\/wp\/v2\/tags?post=49752"}],"curies":[{"name":"wp","href":"https:\/\/api.w.org\/{rel}","templated":true}]}}