{"id":49755,"date":"2016-06-21T07:09:31","date_gmt":"2016-06-21T10:09:31","guid":{"rendered":"http:\/\/argentinamunicipal.com.ar\/argentina\/?p=49755"},"modified":"2016-06-21T07:09:31","modified_gmt":"2016-06-21T10:09:31","slug":"mision-francia-santa-fe-avanzo-intercambio-experiencias","status":"publish","type":"post","link":"http:\/\/argentinamunicipal.com.ar\/argentina\/mision-francia-santa-fe-avanzo-intercambio-experiencias\/","title":{"rendered":"Misi\u00f3n a Francia:\u00a0Santa Fe\u00a0avanz\u00f3 en el intercambio de experiencias"},"content":{"rendered":"<p>El intendente Jos\u00e9 Corral se reuni\u00f3 este lunes por la ma\u00f1ana con su par de la ciudad francesa de Rennes, Nathalie App\u00e9re. Fue luego de recorrer el futuro Parque Natural Urbano de Las Praderas de San Mart\u00edn, donde el Municipio lleva adelante un proyecto de similares caracter\u00edsticas a la Reserva Urbana del Oeste<\/p>\n<p>En Rennes, ciudad de Francia ubicada a 300 kil\u00f3metros al oeste de Par\u00eds y capital de la Regi\u00f3n Breta\u00f1a, el Municipio lleva adelante un proyecto para la construcci\u00f3n del \u00abParque Natural Urbano\u00bb en las Praderas de San Mart\u00edn, que abarca a unas 30 hect\u00e1reas.<\/p>\n<p>En Santa Fe, en tanto, el Gobierno de la Ciudad viene trabajando en la construcci\u00f3n de la Reserva Natural Urbana del Oeste, sobre un \u00e1rea de 142 hect\u00e1reas, una propuesta que tiene varios puntos en com\u00fan con el de Rennes.<\/p>\n<p>Ambas iniciativas cuentan con financiamiento del Fondo Franc\u00e9s para el Ambiente Mundial (FFEM), por lo que las ciudades de Santa Fe y Rennes tienen un compromiso de colaboraci\u00f3n y de intercambio. En ese contexto, el intendente Jos\u00e9 Corral se encuentra realizando una misi\u00f3n internacional en Francia, que en su primera escala incluy\u00f3 la visita a Rennes, donde recorri\u00f3 el Parque Natural Urbano en las Praderas de San Mart\u00edn, y mantuvo un encuentro -entre otras autoridades- con la intendenta Nathalie App\u00e9re.<\/p>\n<p>\u00abLos santafesinos estamos dejando atr\u00e1s los meses m\u00e1s dif\u00edciles de crecida de r\u00edos y lluvias, y estamos trabajando en proyectos muy importantes para la ciudad, como \u00e9ste de la Reserva Urbana del Oeste, que consiste b\u00e1sicamente en transformar ese patio trasero de la capital provincial en un \u00e1rea que aprovechemos para reunir el agua cuando llueve -tal como ya viene haciendo, y por eso todo el Oeste tiene menos problemas-. Pero adem\u00e1s el objetivo es que lo aprovechemos como espacio p\u00fablico, como un lugar para disfrutar y para que los vecinos del Oeste tengan un espacio como el Parque del Sur o el Parque Garay, para citar dos ejemplos\u00bb, explic\u00f3 el intendente Jos\u00e9 Corral en declaraciones a la prensa luego de la reuni\u00f3n con su par de Rennes.<\/p>\n<p>En ese sentido, cont\u00f3 que \u00abestos fueron temas de conversaci\u00f3n con la Intendenta, porque en Rennes hay un proyecto muy parecido que est\u00e1 recuperando tambi\u00e9n un \u00e1rea degradada. Lo recorrimos este lunes por la ma\u00f1ana, y conversamos con la alcaldesa estos temas. Adem\u00e1s a ella le preocupan los temas del cambio clim\u00e1tico y c\u00f3mo las ciudades discutimos estas problem\u00e1ticas, cuando se trata de decidir sobre el ambiente, sobre espacios p\u00fablicos\u00bb.<\/p>\n<p>Jos\u00e9 Corral resalt\u00f3 que \u00aba pesar de que son contextos diferentes el de Francia y la Argentina, tenemos mucho para aprender unos de otros, porque ellos est\u00e1n m\u00e1s avanzados en algunos de los aspectos del proyecto y eso nos da una experiencia valiosa para reproducir cosas que se han hecho bien. Y sobre todo los vecinos van a disfrutar, que es lo que queremos: mejorar la calidad de vida de toda la ciudad, y en este caso en particular del Oeste, que ha sufrido mucho con las inundaciones\u00bb, asegur\u00f3.<\/p>\n<p><strong>Compartir y aprender<\/strong><\/p>\n<p>Durante la visita a las Praderas de San Mart\u00edn, el intendente Jos\u00e9 Corral estuvo acompa\u00f1ado por un equipo que encabez\u00f3 el concejal a cargo de Ecolog\u00eda Urbana de la ciudad de Rennes, Daniel Guillotin, que es adem\u00e1s director de la Agencia Local de la Energ\u00eda y Clima de Rennes. \u00abLa cooperaci\u00f3n que estamos poniendo en marcha con Santa Fe es t\u00e9cnica y cient\u00edfica, con distintos proyectos que atienden problem\u00e1ticas diferentes\u00bb, explic\u00f3 el concejal en di\u00e1logo con medios santafesinos. Y cont\u00f3 que \u00abtenemos en las praderas de Rennes un laboratorio cient\u00edfico y universitario que ya trabaja en colaboraci\u00f3n con el Municipio y la Universidad Nacional del Litoral\u00bb.<\/p>\n<p>En referencia al futuro \u00abParque Natural Urbano\u00bb, proyectado en Rennes, detall\u00f3 que \u00abes importante porque se trata de un pulm\u00f3n verde dentro de la ciudad. Hay una necesidad de adaptaci\u00f3n al cambio clim\u00e1tico, y queremos saber c\u00f3mo la naturaleza puede volver a apropiarse de la ciudad. Es un lugar que es una continuidad ecol\u00f3gica con nuestra trama verde y azul, porque tambi\u00e9n el agua est\u00e1 en la ciudad\u00bb.<\/p>\n<p>En ese punto, Guillotin argument\u00f3 que \u00ablo que hemos podido empezar a entender y a compartir con el proyecto de Santa Fe y el trabajo que se ha realizado all\u00ed a nivel cient\u00edfico y de concertaci\u00f3n con la poblaci\u00f3n, nos permite ver c\u00f3mo podemos trabajar juntos sobre esas tem\u00e1ticas\u00bb. Y valor\u00f3 que trabajar en conjunto y compartir experiencias permitir\u00e1 \u00abavanzar m\u00e1s r\u00e1pido en el desarrollo de nuestras ciudades\u00bb.<\/p>\n<p>Para el edil de Rennes, el financiamiento de FFEM y la solicitud de colaboraci\u00f3n entre ambas ciudades se dan porque \u00aben ambos casos hab\u00eda problemas de inundaciones, aunque de diferente grado; tambi\u00e9n los dos proyectos apuntan a recuperar \u00e1reas degradadas, y en ambos casos pensamos en un parque natural. El Fondo Franc\u00e9s para el Ambiente Mundial entendi\u00f3 que era interesante que las dos cooperaciones puedan hacerse sobre este mismo proyecto, y para nosotros tambi\u00e9n es muy valioso lo que podamos aprender de Santa Fe\u00bb, concluy\u00f3.<\/p>\n<p><strong>Reserva Natural del Oeste, en Santa Fe<\/strong><\/p>\n<p>La Reserva Natural del Oeste es un proyecto del Gobierno de la ciudad de Santa Fe, que consiste en transformar las \u00e1reas de reservorios del sistema de drenaje urbano en un espacio verde de uso p\u00fablico y atractivo paisaj\u00edstico, que funcionar\u00e1 como un \u00e1rea natural protegida con senderos desde los cuales se podr\u00e1 apreciar la flora y fauna aut\u00f3ctona. Una de las particularidades que se destacan de la futura reserva natural es su integraci\u00f3n con la trama urbana.<\/p>\n<p>Expertos nacionales e internacionales calificaron a la Reserva Natural del Oeste como ejemplar e innovadora, porque conjuga aspectos diversos como reducci\u00f3n del riesgo h\u00eddrico, cuidado del medio ambiente, educaci\u00f3n, ordenamiento urbano y lucha contra la pobreza y la exclusi\u00f3n social.<\/p>\n<p>El proyecto, adem\u00e1s, abarca emprendimientos socio-productivos, como un vivero de sitio y huertas comunitarias; y un \u00abMemorial de la Inundaci\u00f3n\u00bb.<\/p>\n<p>El vivero de sitio conservar\u00e1 y reproducir\u00e1 especies de flora aut\u00f3ctona para nutrir el paisaje de la reserva y otros espacios verdes de la ciudad, generando nuevas fuentes de trabajo y la oportunidad de reconversi\u00f3n laboral para personas que actualmente viven de la recolecci\u00f3n informal de residuos.<\/p>\n<p>Ya se han documentado y clasificado alrededor de 80 especies vegetales nativas. El mismo relevamiento se realizar\u00e1 en relaci\u00f3n a las especies de aves y fauna propia del lugar.<\/p>\n<p>La huerta comunitaria ocupar\u00e1 otro espacio importante de la Reserva Natural del Oeste. Destinado para el desarrollo de huertas comunitarias, permitir\u00e1 capacitar a familias que actualmente viven de la recolecci\u00f3n informal de residuos y de la cr\u00eda de animales, para lograr su reconversi\u00f3n laboral. Esta parte del proyecto se encuadra en las pol\u00edticas del Municipio para impulsar herramientas de econom\u00eda social que favorezcan la inclusi\u00f3n, como as\u00ed tambi\u00e9n promover h\u00e1bitos de alimentaci\u00f3n saludable.<\/p>\n<p>Finalmente, el Memorial de la Inundaci\u00f3n ofrecer\u00e1 una faceta educativa. Ser\u00e1 un espacio pensado con el prop\u00f3sito de mantener viva la memoria sobre las inundaciones en la ciudad de Santa Fe y propiciar instancias de reflexi\u00f3n y aprendizaje sobre las caracter\u00edsticas del territorio, la gesti\u00f3n de riesgos y la planificaci\u00f3n urbana. El Memorial de la Inundaci\u00f3n se ubicar\u00e1 a la altura de calle Gorostiaga, en el extremo norte de la Reserva, en el lugar por donde ingres\u00f3 el R\u00edo Salado a la ciudad en el a\u00f1o 2003.<\/p>\n<p><strong>Parque Natural Urbano, en Rennes<\/strong><\/p>\n<p>En Rennes, las Praderas de San Mart\u00edn sufrieron cambios a lo largo de su historia. Este sitio inundable, ha permanecido fuera de la urbanizaci\u00f3n, pese a estar a pocos metros del centro de la ciudad. Y en su vida ha visto desde el surgimiento de industrias en el siglo 19, hasta el h\u00e1bitat y jardines en el siglo 20, incluyendo un proyecto de autopista en los a\u00f1os &#8217;90.<\/p>\n<p>El proyecto \u00abParque Natural Urbano\u00bb es un nuevo paso, que implica la aplicaci\u00f3n de zonas verdes en el proyecto urbano de Rennes, teniendo en cuenta las limitaciones existentes: la presencia de agua, el car\u00e1cter inundable, existencia de \u00e1reas de relleno y los usos del suelo.<\/p>\n<p>El objetivo es promover atractivos naturales, abierto a todos como espacio p\u00fablico mediante el desarrollo de los aspectos sociales y recreativos de las praderas, y tambi\u00e9n preservando la calidad del ambiente. En general, l parque urbano propuesto se desarrolla en torno al inter\u00e9s ecol\u00f3gico que representan 29,4 hect\u00e1reas de \u00e1reas naturales.<\/p>\n<p>El agua es fundamental en el proyecto. La gesti\u00f3n hidr\u00e1ulica del sitio crear\u00e1 una variedad de h\u00e1bitats de seco a h\u00famedo. Estanques, ca\u00f1averales, llanuras de inundaci\u00f3n, jardines absorbentes o la orilla del r\u00edo ofrecen muchos paseos y actividades en Rennes. El agua es el denominador com\u00fan de los diferentes espacios del parque urbano: se trata de un factor ambiental clave para el desarrollo de la fauna y la vegetaci\u00f3n. La parte oriental del sitio, marcado por la presencia de estanques y humedales, tiene una atm\u00f3sfera de reserva de naturaleza salvaje.<\/p>\n<h6>Fuente: Sin Mordaza<\/h6>\n","protected":false},"excerpt":{"rendered":"<p>El intendente Jos\u00e9 Corral se reuni\u00f3 este lunes por la ma\u00f1ana con su par de la ciudad francesa de Rennes, Nathalie App\u00e9re.<\/p>\n","protected":false},"author":2,"featured_media":49756,"comment_status":"closed","ping_status":"closed","sticky":false,"template":"","format":"standard","meta":{"footnotes":""},"categories":[2],"tags":[10],"class_list":["post-49755","post","type-post","status-publish","format-standard","has-post-thumbnail","hentry","category-informe-municipal","tag-santa-fe"],"_links":{"self":[{"href":"http:\/\/argentinamunicipal.com.ar\/argentina\/wp-json\/wp\/v2\/posts\/49755","targetHints":{"allow":["GET"]}}],"collection":[{"href":"http:\/\/argentinamunicipal.com.ar\/argentina\/wp-json\/wp\/v2\/posts"}],"about":[{"href":"http:\/\/argentinamunicipal.com.ar\/argentina\/wp-json\/wp\/v2\/types\/post"}],"author":[{"embeddable":true,"href":"http:\/\/argentinamunicipal.com.ar\/argentina\/wp-json\/wp\/v2\/users\/2"}],"replies":[{"embeddable":true,"href":"http:\/\/argentinamunicipal.com.ar\/argentina\/wp-json\/wp\/v2\/comments?post=49755"}],"version-history":[{"count":0,"href":"http:\/\/argentinamunicipal.com.ar\/argentina\/wp-json\/wp\/v2\/posts\/49755\/revisions"}],"wp:featuredmedia":[{"embeddable":true,"href":"http:\/\/argentinamunicipal.com.ar\/argentina\/wp-json\/wp\/v2\/media\/49756"}],"wp:attachment":[{"href":"http:\/\/argentinamunicipal.com.ar\/argentina\/wp-json\/wp\/v2\/media?parent=49755"}],"wp:term":[{"taxonomy":"category","embeddable":true,"href":"http:\/\/argentinamunicipal.com.ar\/argentina\/wp-json\/wp\/v2\/categories?post=49755"},{"taxonomy":"post_tag","embeddable":true,"href":"http:\/\/argentinamunicipal.com.ar\/argentina\/wp-json\/wp\/v2\/tags?post=49755"}],"curies":[{"name":"wp","href":"https:\/\/api.w.org\/{rel}","templated":true}]}}