{"id":49823,"date":"2016-06-23T05:14:13","date_gmt":"2016-06-23T08:14:13","guid":{"rendered":"http:\/\/argentinamunicipal.com.ar\/argentina\/?p=49823"},"modified":"2016-06-23T07:16:16","modified_gmt":"2016-06-23T10:16:16","slug":"supermercadistas-rosario-amenazan-despedir-unos-120-empleados","status":"publish","type":"post","link":"http:\/\/argentinamunicipal.com.ar\/argentina\/supermercadistas-rosario-amenazan-despedir-unos-120-empleados\/","title":{"rendered":"Supermercadistas de Rosario amenazan con despedir a unos 120 empleados"},"content":{"rendered":"<p>Es por la inminente aplicaci\u00f3n, el 3 de julio, de la ordenanza que adhiere en Rosario a la ley de descanso dominical.<\/p>\n<p>La Asociaci\u00f3n de Supermercadistas Unidos (ASU), entidad nacional que agrupa a las cuatro grandes cadenas que trabajan en Rosario, advirti\u00f3 que hoy comenzar\u00e1 a despedir al menos a unos 120 empleados en la ciudad a causa de los da\u00f1os econ\u00f3micos que les producir\u00e1 no abrir \u00abel d\u00eda de m\u00e1s ventas de la semana\u00bb. El organismo advirti\u00f3 adem\u00e1s que agotar\u00e1 todas las instancias judiciales para que la ley sea declarada inconstitucional.<\/p>\n<p>La amenaza lleg\u00f3 diez d\u00edas antes de que comience a implementarse la ordenanza que adhiere a la ley de descanso dominical, el pr\u00f3ximo 3 de julio.<\/p>\n<p>Es m\u00e1s, algunas empresas ya caminan sobre concreto. La Asociaci\u00f3n de Empleados de Comercio revel\u00f3 ayer que Coto comenz\u00f3 a enviar telegramas de despido en medio de una maniobra que catalogaron de perversa: \u00abEl 90 por ciento de los despedidos tiene muy poca antig\u00fcedad. Los contrataron s\u00f3lo para echarlos\u00bb, asegur\u00f3 el secretario gremial, Juan G\u00f3mez.<\/p>\n<p>La ASU agrupa a las cuatro grandes cadenas de supermercados que se presentaron ante la justicia local para frenar la aplicaci\u00f3n de la ordenanza que adhiri\u00f3 a la ley provincial de descanso dominical.<\/p>\n<p>El director ejecutivo de la ASU, Juan Carlos Vasco Mart\u00ednez, remarc\u00f3 ayer que \u00aba\u00fan no ha habido rechazo de la cuesti\u00f3n de fondo. Est\u00e1 abierto el juego jur\u00eddico en ese aspecto y nosotros tenemos esperanza de que la norma sea declarada inconstitucional\u00bb.<\/p>\n<p>Hasta ahora, cuatro grandes supermercados han iniciado acciones legales con este fin para frenar la aplicaci\u00f3n inmediata de la ley provincial 13.441 \u2014que prev\u00e9 que los comercios cierren sus puertas los domingos y feriados\u2014 y de la ordenanza que la regula en Rosario.<\/p>\n<p>La primera fue Jumbo, que realiz\u00f3 una presentaci\u00f3n en el juzgado Civil y Comercial N\u00ba 4, a cargo de Silvia Cicuto, que se declar\u00f3 incompetente al entender que era una cuesti\u00f3n Contencioso Administrativa, adonde present\u00f3 su reclamo el hipermercado Libertad.<\/p>\n<p>Coto, en tanto, inici\u00f3 una medida cautelar en el Civil y Comercial N\u00ba 2, pero su titular, Julieta Gentile, la rechaz\u00f3 sin resolver el tema de fondo: la inconstitucionalidad.<\/p>\n<p>Por su parte, Carrefour present\u00f3 una cautelar y luego la retir\u00f3 (ver aparte). Esto, despu\u00e9s de que la justicia de Reconquista considerara que la ley y dos ordenanzas locales se opon\u00edan a la Constituci\u00f3n Nacional.<\/p>\n<p>Lo que viene. Vasco Mart\u00ednez sostuvo que a causa de la inminente aplicaci\u00f3n de la ley, \u00abpara ma\u00f1ana (por hoy) puede haber 120 despidos en Rosario\u00bb, porque los supermercados \u00abtienen que concentrar todos los francos en un d\u00eda y van a perder el d\u00eda de ventas m\u00e1s importante de la semana\u00bb.<\/p>\n<p>Desde la Asociaci\u00f3n Empleados de Comercio sostuvieron ayer que la firma Coto envi\u00f3 telegramas de despido a al menos 20 empleados.<\/p>\n<p>\u00abNo sabemos exactamente cu\u00e1ntos despedidos hay porque siguen llegando telegramas\u00bb, explic\u00f3 el secretario gremial, Juan G\u00f3mez. \u00abLo que s\u00ed tenemos claro es que el 90 por ciento tiene muy poca antig\u00fcedad. Muchos fueron ingresados por la empresa hace 4 o 5 d\u00edas. Perversamente los tomaron para despedirlos\u00bb, explic\u00f3 el sindicalista, quien detall\u00f3 que hoy, a las 12.30, habr\u00e1 una audiencia en el Ministerio de Trabajo.<\/p>\n<p>A diferencia de lo que sostiene la ASU, desde Empleados de Comercio manifestaron que s\u00f3lo Coto est\u00e1 echando personal, mientras que las otras cadenas rediagramaron los francos de sus empleados para el mes de julio.<\/p>\n<p>\u00abEst\u00e1n haciendo lo mismo que cuando se aprobaron la ley y la ordenanza. Es un desconocimiento absoluto por parte de esta empresa de las autoridades legislativas de Santa Fe y de Rosario. No muestran ning\u00fan tipo de respeto por las leyes locales\u00bb, enfatiz\u00f3 G\u00f3mez. \u00abEn 22 localidades de la provincia la ley ya est\u00e1 en funcionamiento y no hubo despidos de ning\u00fan tipo\u00bb, agreg\u00f3.<\/p>\n<p>Por lo pronto, la inminente aplicaci\u00f3n de la norma est\u00e1 tensando los \u00e1nimos, en tiempos donde el ajuste se pasea peligroso entre los asalariados.<\/p>\n<h6>Fuente: La Capital Rosario<\/h6>\n","protected":false},"excerpt":{"rendered":"<p>Es por la inminente aplicaci\u00f3n, el 3 de julio, de la ordenanza que adhiere en Rosario a la ley de descanso dominical.<\/p>\n","protected":false},"author":2,"featured_media":49824,"comment_status":"closed","ping_status":"closed","sticky":false,"template":"","format":"standard","meta":{"footnotes":""},"categories":[2],"tags":[10],"class_list":["post-49823","post","type-post","status-publish","format-standard","has-post-thumbnail","hentry","category-informe-municipal","tag-santa-fe"],"_links":{"self":[{"href":"http:\/\/argentinamunicipal.com.ar\/argentina\/wp-json\/wp\/v2\/posts\/49823","targetHints":{"allow":["GET"]}}],"collection":[{"href":"http:\/\/argentinamunicipal.com.ar\/argentina\/wp-json\/wp\/v2\/posts"}],"about":[{"href":"http:\/\/argentinamunicipal.com.ar\/argentina\/wp-json\/wp\/v2\/types\/post"}],"author":[{"embeddable":true,"href":"http:\/\/argentinamunicipal.com.ar\/argentina\/wp-json\/wp\/v2\/users\/2"}],"replies":[{"embeddable":true,"href":"http:\/\/argentinamunicipal.com.ar\/argentina\/wp-json\/wp\/v2\/comments?post=49823"}],"version-history":[{"count":0,"href":"http:\/\/argentinamunicipal.com.ar\/argentina\/wp-json\/wp\/v2\/posts\/49823\/revisions"}],"wp:featuredmedia":[{"embeddable":true,"href":"http:\/\/argentinamunicipal.com.ar\/argentina\/wp-json\/wp\/v2\/media\/49824"}],"wp:attachment":[{"href":"http:\/\/argentinamunicipal.com.ar\/argentina\/wp-json\/wp\/v2\/media?parent=49823"}],"wp:term":[{"taxonomy":"category","embeddable":true,"href":"http:\/\/argentinamunicipal.com.ar\/argentina\/wp-json\/wp\/v2\/categories?post=49823"},{"taxonomy":"post_tag","embeddable":true,"href":"http:\/\/argentinamunicipal.com.ar\/argentina\/wp-json\/wp\/v2\/tags?post=49823"}],"curies":[{"name":"wp","href":"https:\/\/api.w.org\/{rel}","templated":true}]}}