{"id":49829,"date":"2016-06-23T07:25:25","date_gmt":"2016-06-23T10:25:25","guid":{"rendered":"http:\/\/argentinamunicipal.com.ar\/argentina\/?p=49829"},"modified":"2016-06-23T07:25:25","modified_gmt":"2016-06-23T10:25:25","slug":"protesta-productores-la-importacion-carne-cerdo","status":"publish","type":"post","link":"http:\/\/argentinamunicipal.com.ar\/argentina\/protesta-productores-la-importacion-carne-cerdo\/","title":{"rendered":"Protesta de productores por la importaci\u00f3n de carne de cerdo"},"content":{"rendered":"<p>Productores porcinos de toda la regi\u00f3n manifestaron su malestar por la importaci\u00f3n de carne de cerdo, que junto al aumento del ma\u00edz y las subas tarifarias est\u00e1 obligando al cierre de establecimientos de peque\u00f1os \u00ablechoneros\u00bb.<\/p>\n<p>Productores porcinos de toda la regi\u00f3n manifestaron su malestar por la importaci\u00f3n de carne de cerdo, que junto al aumento del ma\u00edz y las subas tarifarias est\u00e1 obligando al cierre de establecimientos de peque\u00f1os \u00ablechoneros\u00bb. Representados por la Federaci\u00f3n Agraria Argentina, se manifestaron en la cabecera el mi\u00e9rcoles pasado en el acceso al enlace vial Rosario-Victoria y reclamaron al gobierno nacional una serie de medidas.<\/p>\n<p>Pablo Paillole, director del distrito seis de Federaci\u00f3n Agraria Argentina (FAA), advirti\u00f3 que los peque\u00f1os y medianos productores de porcinos que aseguran que desde hace seis meses se vienen \u00abcomiendo\u00bb el capital al punto que \u00abentre un 20 por ciento y un 30 por ciento ya cerraron sus establecimientos\u00bb.<\/p>\n<p>Los reclamos incluyen el cese de las importaciones de cerdos desde Brasil y Dinamarca; una compensaci\u00f3n de 3 pesos por kilo de cap\u00f3n vendido y cinco pesos por kilo de lech\u00f3n vendido. Tambi\u00e9n una campa\u00f1a estatal de promoci\u00f3n del consumo de cerdo y un plan nacional porcino con cr\u00e9ditos, capacitaciones entre otras acciones tendientes a dar previsibilidad y rentabilidad a la actividad productiva.<\/p>\n<p>Mientras cortaban parcialmente el acceso al enlace vial con Rosario, la Comisi\u00f3n Porcina de la Federaci\u00f3n Agraria repart\u00edan volantes con la leyenda \u00abProductores porcinos sin segundo semestre\u00bb. Los productores presentes calificaron la situaci\u00f3n del sector porcino como un \u00abexterminio\u00bb.<\/p>\n<p>\u00abLa estamos pasando mal desde los \u00faltimos seis meses, ya los frigor\u00edficos no est\u00e1n comprando la cantidad que compraban antes y el precio est\u00e1 muy bajo\u00bb, dijo el productor Sebasti\u00e1n Calori, due\u00f1o de un criadero con 350 cerdas en Oliveros.<\/p>\n<h6>Fuente: La Capital Rosario<\/h6>\n","protected":false},"excerpt":{"rendered":"<p>Productores porcinos de toda la regi\u00f3n manifestaron su malestar por la importaci\u00f3n de carne de cerdo, que junto al aumento del ma\u00edz y las subas tarifarias est\u00e1 obligando al cierre de establecimientos de peque\u00f1os \u00ablechoneros\u00bb.<\/p>\n","protected":false},"author":2,"featured_media":49830,"comment_status":"closed","ping_status":"closed","sticky":false,"template":"","format":"standard","meta":{"footnotes":""},"categories":[8],"tags":[10],"class_list":["post-49829","post","type-post","status-publish","format-standard","has-post-thumbnail","hentry","category-informe-nacional","tag-santa-fe"],"_links":{"self":[{"href":"http:\/\/argentinamunicipal.com.ar\/argentina\/wp-json\/wp\/v2\/posts\/49829","targetHints":{"allow":["GET"]}}],"collection":[{"href":"http:\/\/argentinamunicipal.com.ar\/argentina\/wp-json\/wp\/v2\/posts"}],"about":[{"href":"http:\/\/argentinamunicipal.com.ar\/argentina\/wp-json\/wp\/v2\/types\/post"}],"author":[{"embeddable":true,"href":"http:\/\/argentinamunicipal.com.ar\/argentina\/wp-json\/wp\/v2\/users\/2"}],"replies":[{"embeddable":true,"href":"http:\/\/argentinamunicipal.com.ar\/argentina\/wp-json\/wp\/v2\/comments?post=49829"}],"version-history":[{"count":0,"href":"http:\/\/argentinamunicipal.com.ar\/argentina\/wp-json\/wp\/v2\/posts\/49829\/revisions"}],"wp:featuredmedia":[{"embeddable":true,"href":"http:\/\/argentinamunicipal.com.ar\/argentina\/wp-json\/wp\/v2\/media\/49830"}],"wp:attachment":[{"href":"http:\/\/argentinamunicipal.com.ar\/argentina\/wp-json\/wp\/v2\/media?parent=49829"}],"wp:term":[{"taxonomy":"category","embeddable":true,"href":"http:\/\/argentinamunicipal.com.ar\/argentina\/wp-json\/wp\/v2\/categories?post=49829"},{"taxonomy":"post_tag","embeddable":true,"href":"http:\/\/argentinamunicipal.com.ar\/argentina\/wp-json\/wp\/v2\/tags?post=49829"}],"curies":[{"name":"wp","href":"https:\/\/api.w.org\/{rel}","templated":true}]}}