{"id":50295,"date":"2016-07-01T06:50:28","date_gmt":"2016-07-01T09:50:28","guid":{"rendered":"http:\/\/argentinamunicipal.com.ar\/argentina\/?p=50295"},"modified":"2016-07-01T06:50:28","modified_gmt":"2016-07-01T09:50:28","slug":"50295-2","status":"publish","type":"post","link":"http:\/\/argentinamunicipal.com.ar\/argentina\/50295-2\/","title":{"rendered":"Se viene la Polic\u00eda Local Montada en Brown: combatir\u00e1 el delito en zonas rurales"},"content":{"rendered":"<p>El Municipio de Almirante Brown que dirige el intendente del Frente para la Victoria Mariano Cascallares anunci\u00f3 que ser\u00e1 el primer distrito en tener una Polic\u00eda Local Montada. El objetivo, remarcaron, ser\u00e1 la prevenci\u00f3n del delito en zonas rurales.<\/p>\n<p>As\u00ed lo adelant\u00f3 el secretario\u00a0de Seguridad local, Gonzalo Calvo, que precis\u00f3, adem\u00e1s, que esta fuerza realizar\u00e1 \u00abtareas de prevenci\u00f3n del delito en zonas rurales como es el caso de la localidad de Ministro Rivadavia\u00bb.<\/p>\n<p>Seg\u00fan coment\u00f3 el funcionario, el proyecto que ya est\u00e1 en marcha se defini\u00f3 luego de la \u00faltima visita del ministro de Seguridad bonaerense, Cristian Ritondo, a Almirante Brown. En este sentido, Calvo dijo que\u00a0\u00abes fundamental el apoyo de la cartera de Seguridad provincial ya que todas las fuerzas policiales incluyendo la Polic\u00eda Local dependen de la Provincia de Buenos Aires\u00bb.<\/p>\n<p>El integrante del Gabinete de Cascallares incluso adelant\u00f3 que \u00abya estamos trabajando en la ubicaci\u00f3n de una caballeriza y en la composici\u00f3n de un cuerpo especial de efectivos que puedan realizar patrullajes a caballo en zonas rurales a las que muchas veces los m\u00f3viles policiales convencionales no pueden ingresar\u00bb.<\/p>\n<p>\u00abAsimismo -finaliz\u00f3 el secretario- se comenzar\u00e1 a seleccionar a los agentes y aspirantes a la Polic\u00eda Local de Almirante Brown para capacitarlos en esta nueva forma de patrullaje y prevenci\u00f3n del delito que vamos a poner en marcha\u00bb.<\/p>\n<p>Asimismo, seg\u00fan precisaron desde el Ejecutivo local, las autoridades municipales ya avanzan en esta iniciativa con el subsecretario de Planificaci\u00f3n, Gesti\u00f3n y Evaluaci\u00f3n del Ministerio de Seguridad bonaerense.<\/p>\n<h6>Fuente: InfoCielo<\/h6>\n","protected":false},"excerpt":{"rendered":"<p>El Municipio de Almirante Brown que dirige el intendente del Frente para la Victoria Mariano Cascallares anunci\u00f3 que ser\u00e1 el primer distrito en tener una Polic\u00eda Local Montada. <\/p>\n","protected":false},"author":2,"featured_media":50296,"comment_status":"closed","ping_status":"closed","sticky":false,"template":"","format":"standard","meta":{"footnotes":""},"categories":[2],"tags":[12],"class_list":["post-50295","post","type-post","status-publish","format-standard","has-post-thumbnail","hentry","category-informe-municipal","tag-buenos-aires"],"_links":{"self":[{"href":"http:\/\/argentinamunicipal.com.ar\/argentina\/wp-json\/wp\/v2\/posts\/50295","targetHints":{"allow":["GET"]}}],"collection":[{"href":"http:\/\/argentinamunicipal.com.ar\/argentina\/wp-json\/wp\/v2\/posts"}],"about":[{"href":"http:\/\/argentinamunicipal.com.ar\/argentina\/wp-json\/wp\/v2\/types\/post"}],"author":[{"embeddable":true,"href":"http:\/\/argentinamunicipal.com.ar\/argentina\/wp-json\/wp\/v2\/users\/2"}],"replies":[{"embeddable":true,"href":"http:\/\/argentinamunicipal.com.ar\/argentina\/wp-json\/wp\/v2\/comments?post=50295"}],"version-history":[{"count":0,"href":"http:\/\/argentinamunicipal.com.ar\/argentina\/wp-json\/wp\/v2\/posts\/50295\/revisions"}],"wp:featuredmedia":[{"embeddable":true,"href":"http:\/\/argentinamunicipal.com.ar\/argentina\/wp-json\/wp\/v2\/media\/50296"}],"wp:attachment":[{"href":"http:\/\/argentinamunicipal.com.ar\/argentina\/wp-json\/wp\/v2\/media?parent=50295"}],"wp:term":[{"taxonomy":"category","embeddable":true,"href":"http:\/\/argentinamunicipal.com.ar\/argentina\/wp-json\/wp\/v2\/categories?post=50295"},{"taxonomy":"post_tag","embeddable":true,"href":"http:\/\/argentinamunicipal.com.ar\/argentina\/wp-json\/wp\/v2\/tags?post=50295"}],"curies":[{"name":"wp","href":"https:\/\/api.w.org\/{rel}","templated":true}]}}