{"id":50298,"date":"2016-07-01T06:53:58","date_gmt":"2016-07-01T09:53:58","guid":{"rendered":"http:\/\/argentinamunicipal.com.ar\/argentina\/?p=50298"},"modified":"2016-07-01T06:53:58","modified_gmt":"2016-07-01T09:53:58","slug":"buenos-aires-renace-conflicto-la-provincia-los-movimientos-sociales-ayudas-alimentarias","status":"publish","type":"post","link":"http:\/\/argentinamunicipal.com.ar\/argentina\/buenos-aires-renace-conflicto-la-provincia-los-movimientos-sociales-ayudas-alimentarias\/","title":{"rendered":"Buenos Aires: Renace el conflicto entre la Provincia y los movimientos sociales por ayudas alimentarias"},"content":{"rendered":"<p>Organizaciones se encuentran cortando en Callao y Corrientes, esquina de la Casa de la Provincia de Buenos Aires en CABA. Reclaman mercader\u00eda para comedores barriales. El ministro L\u00f3pez Medrano asegur\u00f3 que la movilizaci\u00f3n tiene una \u201cintencionalidad pol\u00edtica\u201d.<\/p>\n<p>El conflicto por las pol\u00edticas sociales impulsadas desde el Ministerio de Desarrollo Social bonaerense parece resurgir al calor de las protestas encabezadas por movimientos sociales que reclaman un aumento en las ayudas alimentarias que reciben en los comedores barriales.<\/p>\n<p>Iniciada la ma\u00f1ana de este jueves, Barrios de Pie y el Frente Popular Dar\u00edo Santill\u00e1n se movilizaron a la Casa de la Provincia, ubicada en Callao y Corrientes, para reclamar una audiencia con las autoridades provinciales respecto a la situaci\u00f3n alimentaria en cientos de barrios del territorio bonaerense.<br \/>\n\u201cFrente al aumento de la cantidad de personas que se acercan a merenderos y<br \/>\ncomedores comunitarios por un plato de comida, diversas organizaciones<br \/>\nsociales vienen reclamando un aumento en la asistencia alimentaria para<br \/>\npoder abastecer a las miles de familias que se acercan a los espacios<br \/>\ncomunitarios\u201d, se\u00f1alaron las organizaciones convocantes.<\/p>\n<p>En ese marco, agregaron que \u201cpor desgracia, no hemos recibido respuestas favorable para nuestros reclamos, por lo que debemos acudir a la C\u00e1mara de Supermercadistas para pedir donaciones\u201d<\/p>\n<p><strong>La respuesta del gobierno<\/strong><\/p>\n<p>El encargado del gobierno en responderle a los movimientos sociales fue el mismo ministro de Desarrollo Social, Santiago L\u00f3pez Medrano.<\/p>\n<p>\u201cUna vez por mes tienen la definici\u00f3n de salir a la calle. Lamento por los inconvenientes que generan a la gente. Hay una intencionalidad pol\u00edtica detr\u00e1s de esto porque tampoco son mucha gente\u201d, apunt\u00f3 el funcionario durante una entrevista que brindo por canal 7.<\/p>\n<p>En ese sentido, asegur\u00f3 que vienen manteniendo una serie de encuentros para destrabar el conflicto en puerta: \u201cHablan de alimentos pero los planteos en la reuni\u00f3n son puestos de trabajo\u201d.<\/p>\n<p>Por \u00faltimo, destac\u00f3 que \u201chay una serie de pol\u00edticas activas en el gobierno que llegan a la gente\u201d, al tiempo que reafirm\u00f3 que no le \u201cparece que sea est\u00e1 la forma de plantear las diferencias\u201d.<\/p>\n<h6>fuente: InfoCielo<\/h6>\n","protected":false},"excerpt":{"rendered":"<p>Organizaciones se encuentran cortando en Callao y Corrientes, esquina de la Casa de la Provincia de Buenos Aires en CABA. Reclaman mercader\u00eda para comedores barriales. <\/p>\n","protected":false},"author":2,"featured_media":50299,"comment_status":"closed","ping_status":"closed","sticky":false,"template":"","format":"standard","meta":{"footnotes":""},"categories":[65],"tags":[12],"class_list":["post-50298","post","type-post","status-publish","format-standard","has-post-thumbnail","hentry","category-provincias","tag-buenos-aires"],"_links":{"self":[{"href":"http:\/\/argentinamunicipal.com.ar\/argentina\/wp-json\/wp\/v2\/posts\/50298","targetHints":{"allow":["GET"]}}],"collection":[{"href":"http:\/\/argentinamunicipal.com.ar\/argentina\/wp-json\/wp\/v2\/posts"}],"about":[{"href":"http:\/\/argentinamunicipal.com.ar\/argentina\/wp-json\/wp\/v2\/types\/post"}],"author":[{"embeddable":true,"href":"http:\/\/argentinamunicipal.com.ar\/argentina\/wp-json\/wp\/v2\/users\/2"}],"replies":[{"embeddable":true,"href":"http:\/\/argentinamunicipal.com.ar\/argentina\/wp-json\/wp\/v2\/comments?post=50298"}],"version-history":[{"count":0,"href":"http:\/\/argentinamunicipal.com.ar\/argentina\/wp-json\/wp\/v2\/posts\/50298\/revisions"}],"wp:featuredmedia":[{"embeddable":true,"href":"http:\/\/argentinamunicipal.com.ar\/argentina\/wp-json\/wp\/v2\/media\/50299"}],"wp:attachment":[{"href":"http:\/\/argentinamunicipal.com.ar\/argentina\/wp-json\/wp\/v2\/media?parent=50298"}],"wp:term":[{"taxonomy":"category","embeddable":true,"href":"http:\/\/argentinamunicipal.com.ar\/argentina\/wp-json\/wp\/v2\/categories?post=50298"},{"taxonomy":"post_tag","embeddable":true,"href":"http:\/\/argentinamunicipal.com.ar\/argentina\/wp-json\/wp\/v2\/tags?post=50298"}],"curies":[{"name":"wp","href":"https:\/\/api.w.org\/{rel}","templated":true}]}}