{"id":50314,"date":"2016-07-01T07:22:24","date_gmt":"2016-07-01T10:22:24","guid":{"rendered":"http:\/\/argentinamunicipal.com.ar\/argentina\/?p=50314"},"modified":"2016-07-01T07:22:24","modified_gmt":"2016-07-01T10:22:24","slug":"metrobus-ya-esta-marcha-se-acordo-la-extension-granadero-baigorria","status":"publish","type":"post","link":"http:\/\/argentinamunicipal.com.ar\/argentina\/metrobus-ya-esta-marcha-se-acordo-la-extension-granadero-baigorria\/","title":{"rendered":"El Metrobus ya est\u00e1 en marcha y se acord\u00f3 la extensi\u00f3n hasta Granadero Baigorria"},"content":{"rendered":"<p>La intendenta y el ministro de Transporte de la Naci\u00f3n firmaron un acta para continuar las obras por bulevar Rondeau<\/p>\n<p>Tras varios ajustes, se puso ayer en marcha el Metrobus Norte para colectivos, que recorre la avenida Alberdi. La intendenta M\u00f3nica Fein y el ministro de Transporte de la Naci\u00f3n, Guillermo Dietrich, dieron por inauguradas las obras, adem\u00e1s de firmar un acta en la que se comprometen a extender la red por bulevar Rondeau hasta Granadero Baigorria.<\/p>\n<p>Las nuevas paradas, que se sit\u00faan en el medio de una de las principales arterias del distrito Norte, cuentan con wi fi gratuito, dispositivos para recargar las tarjetas Movi y pantallas din\u00e1micas con informaci\u00f3n para conocer el tiempo de espera para cada l\u00ednea, entre otras novedades. Adem\u00e1s, hay lugares especiales para el ascenso y descenso de pasajeros de taxi, y para operaciones destinadas a la carga y descarga de mercader\u00eda con horarios especiales.<\/p>\n<p>Los principales puntos del acto de inauguraci\u00f3n fueron el acta que firmaron el ministro de Trasporte de la Naci\u00f3n y la intendenta, en la que se comprometen a realizar las obras correspondientes para que la obra del ahora denominado Metrobus Norte (se iba a llamar Movibus) se traslade al bulevar Rondeau y llegue hasta la avenida San Mart\u00edn de Granadero Baigorra. El compromiso fue firmado en la estaci\u00f3n Carballo (frente a la parroquia Nuestra Se\u00f1ora del Perpetuo Socorro) tras un peque\u00f1o recorrido en la l\u00ednea 113 que ambos funcionarios realizaron a modo de prueba de inauguraci\u00f3n.<\/p>\n<p>La intendenta, adem\u00e1s, dio detalles sobre la obra y otras cuestiones: \u00abGracias a un cr\u00e9dito nacional no reembolsable por el municipio pudimos hacer esta obra, construir este Metrobus. Fue una inversi\u00f3n de 38 millones de pesos\u00bb. Tambi\u00e9n dijo que la tarjeta Movi ser\u00e1 homologada con la tarjeta Sube que se utiliza, principalmente, en Buenos Aires.<\/p>\n<p>Destac\u00f3 que, tras la firma de un acuerdo, se hizo efectivo el compromiso del gobierno nacional de trabajar en conjunto con la Municipalidad para la realizaci\u00f3n del segundo tramo del Metrobus y que, una vez finalizado el proyecto ejecutivo que elaborar\u00e1n equipos municipales, comenzar\u00e1 el proceso licitatorio. \u00abQueremos fortalecer nuestra \u00e1rea metropolitana. La idea es que este Metrobus siga por Rondeau y llegue hasta calle San Mart\u00edn en Granadero Baigorria\u00bb, aclar\u00f3.<\/p>\n<p>En el interior. Por su parte, Dietrich hizo hincapi\u00e9 en la experiencia que desde hace cinco a\u00f1os se desarrolla en Capital Federal.<\/p>\n<p>En el acto, el funcionario nacional celebr\u00f3 el primer recorrido de un Metrobus por el interior del pa\u00eds y agreg\u00f3: \u00abEn estas cuadras, en mi cabeza pasaba un recorrido que comenzaba con este monumental equipo que tiene el Ministerio de Transporte\u00bb.<\/p>\n<p>No dej\u00f3 pasar las cr\u00edticas que sum\u00f3 el proyecto antes que empiece a funcionar y dijo: \u00abM\u00f3nica (Fein) me contaba que claramente cuando se produce un cambio hay resistencia de gente que siente que algunas cosas la pueden perjudicar. Ese recorrido lo hicimos nosotros con la visi\u00f3n que ten\u00eda el entonces intendente y ahora presidente (Mauricio) Macri para mejorar el transporte p\u00fablico, con calidad, donde la gente viaje m\u00e1s r\u00e1pida y segura, dando confiabilidad y mayor previsibilidad\u00bb.<\/p>\n<p>Por \u00faltimo, recalc\u00f3: \u00abPodemos decir que Rosario es una de las ciudades m\u00e1s innovadoras\u00bb y que es un cambio que hay que hacer: \u00abUna ciudad genera m\u00e1s comercio cuanto m\u00e1s peatones tiene, cuanto m\u00e1s ciclistas tiene y cuanta m\u00e1s gente haya usando el transporte p\u00fablico. La persona que va en el auto no para en el quiosco y se compra un caramelo, o se tienta con algo en la vidriera y se compra un par de medias. Eso s\u00ed lo hacen las personas que van en transporte p\u00fablico o que utilizan la movilidad sustentable\u00bb.<\/p>\n<p>Y concluy\u00f3: \u00abHemos integrado el pr\u00f3ximo Metrobus a nuestro plan bianual. Vamos a lograr un cambio muy profundo en toda la movilidad del pa\u00eds\u00bb.<\/p>\n<p>Fuente: La Capital Rosario<\/p>\n","protected":false},"excerpt":{"rendered":"<p>La intendenta y el ministro de Transporte de la Naci\u00f3n firmaron un acta para continuar las obras por bulevar Rondeau<\/p>\n","protected":false},"author":2,"featured_media":50315,"comment_status":"closed","ping_status":"closed","sticky":false,"template":"","format":"standard","meta":{"footnotes":""},"categories":[2],"tags":[10],"class_list":["post-50314","post","type-post","status-publish","format-standard","has-post-thumbnail","hentry","category-informe-municipal","tag-santa-fe"],"_links":{"self":[{"href":"http:\/\/argentinamunicipal.com.ar\/argentina\/wp-json\/wp\/v2\/posts\/50314","targetHints":{"allow":["GET"]}}],"collection":[{"href":"http:\/\/argentinamunicipal.com.ar\/argentina\/wp-json\/wp\/v2\/posts"}],"about":[{"href":"http:\/\/argentinamunicipal.com.ar\/argentina\/wp-json\/wp\/v2\/types\/post"}],"author":[{"embeddable":true,"href":"http:\/\/argentinamunicipal.com.ar\/argentina\/wp-json\/wp\/v2\/users\/2"}],"replies":[{"embeddable":true,"href":"http:\/\/argentinamunicipal.com.ar\/argentina\/wp-json\/wp\/v2\/comments?post=50314"}],"version-history":[{"count":0,"href":"http:\/\/argentinamunicipal.com.ar\/argentina\/wp-json\/wp\/v2\/posts\/50314\/revisions"}],"wp:featuredmedia":[{"embeddable":true,"href":"http:\/\/argentinamunicipal.com.ar\/argentina\/wp-json\/wp\/v2\/media\/50315"}],"wp:attachment":[{"href":"http:\/\/argentinamunicipal.com.ar\/argentina\/wp-json\/wp\/v2\/media?parent=50314"}],"wp:term":[{"taxonomy":"category","embeddable":true,"href":"http:\/\/argentinamunicipal.com.ar\/argentina\/wp-json\/wp\/v2\/categories?post=50314"},{"taxonomy":"post_tag","embeddable":true,"href":"http:\/\/argentinamunicipal.com.ar\/argentina\/wp-json\/wp\/v2\/tags?post=50314"}],"curies":[{"name":"wp","href":"https:\/\/api.w.org\/{rel}","templated":true}]}}