{"id":50326,"date":"2016-07-01T07:48:00","date_gmt":"2016-07-01T10:48:00","guid":{"rendered":"http:\/\/argentinamunicipal.com.ar\/argentina\/?p=50326"},"modified":"2016-07-01T07:48:00","modified_gmt":"2016-07-01T10:48:00","slug":"macri-empuja-mercosur-hacia-pacifico","status":"publish","type":"post","link":"http:\/\/argentinamunicipal.com.ar\/argentina\/macri-empuja-mercosur-hacia-pacifico\/","title":{"rendered":"Macri empuja el Mercosur hacia el Pac\u00edfico"},"content":{"rendered":"<p>El Presidente particip\u00f3 de un encuentro empresarial y de la reuni\u00f3n con los presidentes del bloque. Dijo que quer\u00eda \u201cun Mercosur del siglo XXI\u201d. Plante\u00f3 la firma de acuerdos de libre comercio entre la regi\u00f3n y Estados Unidos, al estilo del ALCA.<\/p>\n<p>El presidente Mauricio Macri particip\u00f3 como miembro observador de una cumbre de la Alianza del Pac\u00edfico. El mandatario propuso \u201cavanzar hacia una convergencia\u201d con los cuatro pa\u00edses que la integran \u2013Chile, Per\u00fa, M\u00e9xico y Colombia\u2013 lo que aleja a la Argentina de las construcciones de la \u00faltima d\u00e9cada, como la Unasur, y la ubica de nuevo en un plan de alineamiento con Estados Unidos. Se trata del primer paso para llegar a un tratado de libre comercio con la Alianza del Pac\u00edfico, cuyas consecuencias para el Mercosur est\u00e1n por verse.<\/p>\n<p>Macri viaj\u00f3 a Chile, donde primero disert\u00f3 frente a unos 500 empresarios en el III Encuentro de Empresarios de la Alianza del Pac\u00edfico. En Puerto Montt, al sur de Chile, Macri afirm\u00f3: \u201cHemos relanzado el Mercosur, porque queremos un Mercosur del siglo XXI, pero que claramente tenga una visi\u00f3n de convergencia con la Alianza del Pac\u00edfico. Ese es el mejor camino para todos\u201d.<\/p>\n<p>Macri se mostr\u00f3 a favor de avanzar en un proceso que termine en un acuerdo de libre comercio de los pa\u00edses de Am\u00e9rica Latina con los Estados Unidos, muy similar al ALCA. \u201cTras muchos a\u00f1os de una econom\u00eda cerrada, tenemos que ir en una transici\u00f3n ordenada, no cr\u00edtica, hacia la integraci\u00f3n Mercosur, espero en breve, con la Alianza del Pac\u00edfico y despu\u00e9s, con el mundo entero. Tendremos futuro aquellos que seamos capaces de construir redes y no paredes\u201d, afirm\u00f3.<\/p>\n<p>Ante los empresarios, Macri reiter\u00f3 el t\u00f3pico de la pesada herencia y el ajuste que encar\u00f3. \u201cArrancamos con una Argentina estancada: hace cinco a\u00f1os que no crec\u00eda, una alta inflaci\u00f3n, con problemas de infraestructura severos. Arrancamos haciendo cosas que no son f\u00e1ciles, que tienen que ver con el sinceramiento de las variables de la econom\u00eda\u201d, dijo. \u201cTuvimos que hacer enormes aumentos de las tarifas. Pero a la vez nos preocupamos much\u00edsimo por la inclusi\u00f3n social\u201d, agreg\u00f3 el Presidente. \u201cEn la Argentina hace seis meses se produjo un cambio pol\u00edtico total. Queremos ser parte del escenario mundial, de las soluciones de los problemas globales\u201d, afirm\u00f3.<\/p>\n<p>Macri inst\u00f3 a los empresarios de los cuatro pa\u00edses que integran la Alianza del Pac\u00edfico a invertir en el pa\u00eds. Enumer\u00f3 las ventajas: \u201cIndependizamos el Banco Central y logramos una moneda estable, y empezamos a tener resultados en la reducci\u00f3n de la inflaci\u00f3n\u201d, sostuvo, pese a que los n\u00fameros del primer semestre no acompa\u00f1an su diagn\u00f3stico.<\/p>\n<p>El Presidente llam\u00f3 a \u201cdejar atr\u00e1s los conflictos internos en cada pa\u00eds\u201d y a que \u201cunidos por la ley, las instituciones, por el respeto interno, por la no impunidad, por las reglas de juego claras que premian el esfuerzo de la gente\u201d impulsar la integraci\u00f3n del Mercosur con la Alianza del Pac\u00edfico a trav\u00e9s de \u201cnuestras infraestructuras. Hay mucho para hacer y mejorar la log\u00edstica en la regi\u00f3n\u201d.<\/p>\n<p>\u201cM\u00e1s all\u00e1 de las incertidumbres, hay un enorme futuro para nuestra regi\u00f3n. Todos hemos entendido que a mayor institucionalidad, a mayores y mejores reglas claras, de qu\u00e9 hay que hacer, vamos a tener mayor inversi\u00f3n\u201d, indic\u00f3 el mandatario argentino. \u201cEspero y cuento con los empresarios de la Alianza del Pac\u00edfico para que nos acompa\u00f1en, aunque ya muchos de ustedes est\u00e1n en la Argentina. Son muy bienvenidos y creemos profundamente en el esp\u00edritu emprendedor, en el desarrollo de la iniciativa privada respetuosa de las leyes, el pago de impuestos, el cuidado del medio ambiente. Un trabajo conjunto entre sector p\u00fablico y privado es la soluci\u00f3n al desarrollo de nuestra regi\u00f3n\u201d, remarc\u00f3 Macri.<\/p>\n<p>Luego el Presidente se traslad\u00f3 a Puerto Varas, donde particip\u00f3 de la cumbre de la Alianza del Pac\u00edfico, en la que estuvieron los presidentes de Chile, Michelle Bachelet; de Colombia, Juan Manuel Santos; de Per\u00fa, Ollanta Humala y de M\u00e9xico, Enrique Pe\u00f1a Nieto. All\u00ed se avanz\u00f3 en la integraci\u00f3n de la Argentina como miembro observador del grupo de pa\u00edses alineados con los Estados Unidos en la XI Cumbre de la Alianza del Pac\u00edfico. En el Teatro del Lago, en Frutillar, Macri reiter\u00f3 que busca \u201cun Mercosur del siglo XXI, que claramente tenga una visi\u00f3n de convergencia con la Alianza del Pac\u00edfico\u201d. Macri, quien elev\u00f3 los montos de contrataciones directas y otros mecanismos para evitar las licitaciones, indic\u00f3 que considera que hay que \u201ctrabajar lo p\u00fablico y privado en conjunto, cada vez m\u00e1s con estos sistemas de contrataci\u00f3n que aceleran, que facilitan, que permiten compartir el conocimiento en la regi\u00f3n\u201d. Asegur\u00f3 que esa es \u201cla clave del desarrollo en la regi\u00f3n\u201d.<\/p>\n<p>Macri seguir\u00e1 su actividad con otra cita internacional. El lunes se reunir\u00e1 en Bruselas con la alta representante de la Uni\u00f3n Europea, Federica Mogherini, y el martes se encontrar\u00e1 en Berl\u00edn con la canciller de Alemania, Angela Merkel. La canciller Susana Malcorra revel\u00f3 que tambi\u00e9n est\u00e1 acordado una reuni\u00f3n con el presidente de Francia, Francois Hollande, aunque no inform\u00f3 el d\u00eda.<\/p>\n<h6>Fuente: P\u00e1gina 12<\/h6>\n","protected":false},"excerpt":{"rendered":"<p>El Presidente particip\u00f3 de un encuentro empresarial y de la reuni\u00f3n con los presidentes del bloque. Dijo que quer\u00eda \u201cun Mercosur del siglo XXI\u201d. Plante\u00f3 la firma de acuerdos de libre comercio entre la regi\u00f3n y Estados Unidos, al estilo del ALCA.<\/p>\n","protected":false},"author":2,"featured_media":50327,"comment_status":"closed","ping_status":"closed","sticky":false,"template":"","format":"standard","meta":{"footnotes":""},"categories":[8],"tags":[21],"class_list":["post-50326","post","type-post","status-publish","format-standard","has-post-thumbnail","hentry","category-informe-nacional","tag-argentina"],"_links":{"self":[{"href":"http:\/\/argentinamunicipal.com.ar\/argentina\/wp-json\/wp\/v2\/posts\/50326","targetHints":{"allow":["GET"]}}],"collection":[{"href":"http:\/\/argentinamunicipal.com.ar\/argentina\/wp-json\/wp\/v2\/posts"}],"about":[{"href":"http:\/\/argentinamunicipal.com.ar\/argentina\/wp-json\/wp\/v2\/types\/post"}],"author":[{"embeddable":true,"href":"http:\/\/argentinamunicipal.com.ar\/argentina\/wp-json\/wp\/v2\/users\/2"}],"replies":[{"embeddable":true,"href":"http:\/\/argentinamunicipal.com.ar\/argentina\/wp-json\/wp\/v2\/comments?post=50326"}],"version-history":[{"count":0,"href":"http:\/\/argentinamunicipal.com.ar\/argentina\/wp-json\/wp\/v2\/posts\/50326\/revisions"}],"wp:featuredmedia":[{"embeddable":true,"href":"http:\/\/argentinamunicipal.com.ar\/argentina\/wp-json\/wp\/v2\/media\/50327"}],"wp:attachment":[{"href":"http:\/\/argentinamunicipal.com.ar\/argentina\/wp-json\/wp\/v2\/media?parent=50326"}],"wp:term":[{"taxonomy":"category","embeddable":true,"href":"http:\/\/argentinamunicipal.com.ar\/argentina\/wp-json\/wp\/v2\/categories?post=50326"},{"taxonomy":"post_tag","embeddable":true,"href":"http:\/\/argentinamunicipal.com.ar\/argentina\/wp-json\/wp\/v2\/tags?post=50326"}],"curies":[{"name":"wp","href":"https:\/\/api.w.org\/{rel}","templated":true}]}}