{"id":50371,"date":"2016-07-04T06:43:33","date_gmt":"2016-07-04T09:43:33","guid":{"rendered":"http:\/\/argentinamunicipal.com.ar\/argentina\/?p=50371"},"modified":"2016-07-04T06:43:33","modified_gmt":"2016-07-04T09:43:33","slug":"apagon-luz-cierre-persianas-perez","status":"publish","type":"post","link":"http:\/\/argentinamunicipal.com.ar\/argentina\/apagon-luz-cierre-persianas-perez\/","title":{"rendered":"Apag\u00f3n de luz y cierre de persianas en P\u00e9rez"},"content":{"rendered":"<p>El tarifazo de luz hace estragos en la ciudad de Perez y la demanda de vecinos ha llegado al Concejo Municipal local<\/p>\n<p>El legislativo convoca para este \u00a0Martes 05 de Julio a un \u00abapag\u00f3n de luz y cierre de persianas\u00bb de los hogares, comercios e instituciones, a los fines de repudiar el aumento \u00ababusivo\u00bb de las tarifas.<\/p>\n<p>Adem\u00e1s, ese mismo \u00a0Martes a las 10.30 hs en la Plaza San Mart\u00edn de Av. San Mart\u00edn y 9 de Julio de la ciudad de P\u00e9rez, se realizar\u00e1 una concentraci\u00f3n de vecinos para acompa\u00f1ar este reclamo.<\/p>\n<p>\u00abComo \u00a0vecinos afirmamos \u00a0que las nuevas escalas tarifarias implicaron un aumento desproporcionado que impide el normal desenvolvimiento de una familia\u00bb, dijo Silvina Rodriguez, vecina de Perez<\/p>\n<p>En tanto, \u00abLos servicios de gas y luz en esta estaci\u00f3n del a\u00f1o, resultan imprescindibles utilizarlos para su subsistencia\u00bb, se\u00f1al\u00f3 el concejal del Frente Perez Cambia, Carlos Cardozo<\/p>\n<p>En ese orden, desde el Concejo, \u00abnos manifestaron que los aumentos dictados por la Cooperativa local \u00abCOOPESEER\u00bb, y las medidas adoptadas por la provincia y la naci\u00f3n, agravaron la situaci\u00f3n de crisis en que nos encontramos\u00bb, concluy\u00f3 Rodriguez<\/p>\n<h6>Fuente: Sin Mordaza<\/h6>\n","protected":false},"excerpt":{"rendered":"<p>El tarifazo de luz hace estragos en la ciudad de Perez y la demanda de vecinos ha llegado al Concejo Municipal local  <\/p>\n","protected":false},"author":2,"featured_media":50372,"comment_status":"closed","ping_status":"closed","sticky":false,"template":"","format":"standard","meta":{"footnotes":""},"categories":[2],"tags":[10],"class_list":["post-50371","post","type-post","status-publish","format-standard","has-post-thumbnail","hentry","category-informe-municipal","tag-santa-fe"],"_links":{"self":[{"href":"http:\/\/argentinamunicipal.com.ar\/argentina\/wp-json\/wp\/v2\/posts\/50371","targetHints":{"allow":["GET"]}}],"collection":[{"href":"http:\/\/argentinamunicipal.com.ar\/argentina\/wp-json\/wp\/v2\/posts"}],"about":[{"href":"http:\/\/argentinamunicipal.com.ar\/argentina\/wp-json\/wp\/v2\/types\/post"}],"author":[{"embeddable":true,"href":"http:\/\/argentinamunicipal.com.ar\/argentina\/wp-json\/wp\/v2\/users\/2"}],"replies":[{"embeddable":true,"href":"http:\/\/argentinamunicipal.com.ar\/argentina\/wp-json\/wp\/v2\/comments?post=50371"}],"version-history":[{"count":0,"href":"http:\/\/argentinamunicipal.com.ar\/argentina\/wp-json\/wp\/v2\/posts\/50371\/revisions"}],"wp:featuredmedia":[{"embeddable":true,"href":"http:\/\/argentinamunicipal.com.ar\/argentina\/wp-json\/wp\/v2\/media\/50372"}],"wp:attachment":[{"href":"http:\/\/argentinamunicipal.com.ar\/argentina\/wp-json\/wp\/v2\/media?parent=50371"}],"wp:term":[{"taxonomy":"category","embeddable":true,"href":"http:\/\/argentinamunicipal.com.ar\/argentina\/wp-json\/wp\/v2\/categories?post=50371"},{"taxonomy":"post_tag","embeddable":true,"href":"http:\/\/argentinamunicipal.com.ar\/argentina\/wp-json\/wp\/v2\/tags?post=50371"}],"curies":[{"name":"wp","href":"https:\/\/api.w.org\/{rel}","templated":true}]}}