{"id":50386,"date":"2016-07-04T05:00:41","date_gmt":"2016-07-04T08:00:41","guid":{"rendered":"http:\/\/argentinamunicipal.com.ar\/argentina\/?p=50386"},"modified":"2016-07-04T07:02:48","modified_gmt":"2016-07-04T10:02:48","slug":"venado-tuerto-se-cuadruplico-la-demanda-ayuda-social","status":"publish","type":"post","link":"http:\/\/argentinamunicipal.com.ar\/argentina\/venado-tuerto-se-cuadruplico-la-demanda-ayuda-social\/","title":{"rendered":"Venado Tuerto: se cuadruplic\u00f3 la demanda de ayuda social"},"content":{"rendered":"<p>La devaluaci\u00f3n de la moneda, los tarifazos energ\u00e9ticos, la ca\u00edda real del salario y la incipiente ola de despidos en el sector privado hicieron que la demanda social en Venado Tuerto se disparara por las nubes. Por ese motivo desde Acci\u00f3n Social debieron redoblar los esfuerzos y pasar de 250 bolsones con alimentos que repart\u00edan el a\u00f1o pasado, al millar que actualmente se distribuye entre los vecinos m\u00e1s vulnerables. El panorama es realmente sombr\u00edo ya que semana tras semana crecen los pedidos de ayuda social y se multiplican los comedores en toda la ciudad.<\/p>\n<p>La secretaria de Desarrollo Social, Alejandra Filippetti, remarc\u00f3 que \u00abtenemos pedido de colaboraci\u00f3n de trabajadores para pagar alguna factura de servicio y principalmente de familias que no llegan a comprar los alimentos para sus hijos\u00bb, indic\u00f3 la funcionaria.<\/p>\n<p>Para Filippetti \u00abse ve cada vez m\u00e1s c\u00f3mo se est\u00e1 dificultando la econom\u00eda de las familias, tanto en la clase media como en los sectores menos pudientes. Muchas de las personas, sobre todo los trabajadores asalariados, que hasta la fecha terminaban el mes con las necesidades b\u00e1sicas y m\u00ednimas satisfechas por motu proprio ahora est\u00e1n viviendo el impacto negativo que tienen ciertas decisiones del gobierno nacional\u00bb.<\/p>\n<p>La secretaria indic\u00f3 que hay vecinos trabajadores, que tienen un sueldo fijo y que no llegan a pagar alg\u00fan servicio, sobre todo con el incremento que tuvo la electricidad y el gas; aunque \u00abel mayor factor de alarma es cuando la gente pide comida, trat\u00e1ndose de personas que acced\u00edan a los alimentos con sus propios recursos y hoy no pueden hacerlo\u00bb. Varias escuelas tuvieron que reabrir los comedores y lo mismo sucede con asociaciones civiles o parroquias que no dan abasto a la hora de la ayuda social. Incluso hay un caso de una mujer que todos los d\u00edas y por decisi\u00f3n propia, viene desde Murphy para entregar ayuda. Se trata de Sandra Gazzaniga, quien hace unos d\u00edas recibi\u00f3 un reconocimiento de la Asociaci\u00f3n Civil Buenos Horizontes por su labor.<\/p>\n<p>Demanda. Filippetti precis\u00f3 que \u00aben 2001 y 2002, entreg\u00e1bamos entre 250 y 300 bolsones, llegando al a\u00f1o pasado a entregar este n\u00famero para toda la ciudad, es decir lo que en un momento alcanzaba para cubrir un barrio, cubr\u00eda la demanda total\u00bb.<\/p>\n<p>\u00abHoy vemos en la Secretar\u00eda de Acci\u00f3n Social y en los centros comunitarios que la demanda aumenta a diario y cada vez son m\u00e1s las personas que recurren a la ayuda del Estado. A tal punto que en el mes de mayo la asistencia debi\u00f3 duplicarse y fueron 500 los bolsones alimenticios que se entregaron, mientras que en junio superaron los mil, es decir que se cuadriplic\u00f3 la demanda\u00bb, resalt\u00f3.<\/p>\n<p>Asimismo destac\u00f3 que esta solicitud al municipio \u00abva acompa\u00f1ada con un crecimiento en el n\u00famero de personas que asisten a comedores barriales y ahora debemos ver qu\u00e9 van a hacer las escuelas, ya que un momento se lleg\u00f3 a una instancia de que los comedores se encontraban pr\u00e1cticamente cerrados\u00bb.<\/p>\n<h6>Fuente: La Capital Rosario<\/h6>\n","protected":false},"excerpt":{"rendered":"<p>La devaluaci\u00f3n de la moneda, los tarifazos energ\u00e9ticos, la ca\u00edda real del salario y la incipiente ola de despidos en el sector privado hicieron que la demanda social en Venado Tuerto se disparara por las nubes. <\/p>\n","protected":false},"author":2,"featured_media":50387,"comment_status":"closed","ping_status":"closed","sticky":false,"template":"","format":"standard","meta":{"footnotes":""},"categories":[2],"tags":[10],"class_list":["post-50386","post","type-post","status-publish","format-standard","has-post-thumbnail","hentry","category-informe-municipal","tag-santa-fe"],"_links":{"self":[{"href":"http:\/\/argentinamunicipal.com.ar\/argentina\/wp-json\/wp\/v2\/posts\/50386","targetHints":{"allow":["GET"]}}],"collection":[{"href":"http:\/\/argentinamunicipal.com.ar\/argentina\/wp-json\/wp\/v2\/posts"}],"about":[{"href":"http:\/\/argentinamunicipal.com.ar\/argentina\/wp-json\/wp\/v2\/types\/post"}],"author":[{"embeddable":true,"href":"http:\/\/argentinamunicipal.com.ar\/argentina\/wp-json\/wp\/v2\/users\/2"}],"replies":[{"embeddable":true,"href":"http:\/\/argentinamunicipal.com.ar\/argentina\/wp-json\/wp\/v2\/comments?post=50386"}],"version-history":[{"count":0,"href":"http:\/\/argentinamunicipal.com.ar\/argentina\/wp-json\/wp\/v2\/posts\/50386\/revisions"}],"wp:featuredmedia":[{"embeddable":true,"href":"http:\/\/argentinamunicipal.com.ar\/argentina\/wp-json\/wp\/v2\/media\/50387"}],"wp:attachment":[{"href":"http:\/\/argentinamunicipal.com.ar\/argentina\/wp-json\/wp\/v2\/media?parent=50386"}],"wp:term":[{"taxonomy":"category","embeddable":true,"href":"http:\/\/argentinamunicipal.com.ar\/argentina\/wp-json\/wp\/v2\/categories?post=50386"},{"taxonomy":"post_tag","embeddable":true,"href":"http:\/\/argentinamunicipal.com.ar\/argentina\/wp-json\/wp\/v2\/tags?post=50386"}],"curies":[{"name":"wp","href":"https:\/\/api.w.org\/{rel}","templated":true}]}}