{"id":50395,"date":"2016-07-04T07:17:52","date_gmt":"2016-07-04T10:17:52","guid":{"rendered":"http:\/\/argentinamunicipal.com.ar\/argentina\/?p=50395"},"modified":"2016-07-04T07:17:52","modified_gmt":"2016-07-04T10:17:52","slug":"combo-viene-despidos-represion","status":"publish","type":"post","link":"http:\/\/argentinamunicipal.com.ar\/argentina\/combo-viene-despidos-represion\/","title":{"rendered":"El combo viene con despidos y represi\u00f3n"},"content":{"rendered":"<p>Un informe del Observatorio del Derecho Social de la CTA relev\u00f3 el incremento en los \u00faltimos seis meses de acciones represivas contra medidas gremiales, como parte de los cambios que se est\u00e1n promoviendo en el mercado de trabajo.<\/p>\n<p>El primer semestre del a\u00f1o trajo no s\u00f3lo despidos y ca\u00edda de los salarios. Ante la multiplicaci\u00f3n de los conflictos laborales que provoca esta situaci\u00f3n, Cambiemos apel\u00f3 al aumento de la respuesta represiva, con la dispersi\u00f3n violenta de las marchas, detenciones de los manifestantes \u2013que en muchos casos fueron judicializados\u2013 y recortes al derecho a huelga. En las empresas, a su vez, se est\u00e1n registrando despidos de activistas.<\/p>\n<p>El Observatorio del Derecho Social de la CTA sistematiz\u00f3 estos hechos y realiz\u00f3 un primer informe sobre el tema, que refleja los alcances de las pr\u00e1cticas antisindicales y su generalizaci\u00f3n en todo el pa\u00eds.<\/p>\n<p>\u201cLa lectura que hacemos es que las mayores dificultades que atravesamos los trabajadores por consecuencia de los cambios en el mercado de trabajo se complementan con pr\u00e1cticas antisindicales como mecanismo de contenci\u00f3n del conflicto\u201d, indic\u00f3 Luis Campos, coordinador del equipo de investigadores la CTA Aut\u00f3noma.<\/p>\n<p>El informe, que abarca de enero a junio de 2016, se\u00f1ala que los trabajadores del Estado \u201cfueron los que sufrieron la mayor cantidad de pr\u00e1cticas antisindicales, principalmente represi\u00f3n y criminalizaci\u00f3n de la protesta\u201d. Contra los trabajadores del sector privado se desataron, principalmente, despidos discriminatorios, aunque tambi\u00e9n vieron desalojadas sus manifestaciones por la fuerza.<\/p>\n<p>Para ponerle un contexto al an\u00e1lisis, los investigadores mostraron concretamente la magnitud de la ca\u00edda del salario real. Tomando los salarios acordados en las paritarias versus la inflaci\u00f3n interanual del 44,3 por ciento (de mayo de 2015 a mayo de 2016, seg\u00fan el IPC elaborado por la Ciudad de Buenos Aires), es posible saber cu\u00e1nto perdieron los sueldos. Los estatales fueron los m\u00e1s perjudicados, con un 11,72 por ciento de ca\u00edda de su poder adquisitivo. En el sector privado, los que quedaron en peor situaci\u00f3n fueron los trabajadores de prensa, con una p\u00e9rdida del 9,93 por ciento, seguidos de los metal\u00fargicos (-9,98) y el comercio (-9,75).<\/p>\n<p>En cuanto a las cesant\u00edas, est\u00e1n frescos todav\u00eda los despidos masivos en el Estado, que fueron superados luego por el sector privado (seg\u00fan organismos como el CEPA, los despidos desde la llegada del macrismo al poder llegan ya a 167 mil).<\/p>\n<p>Las pr\u00e1cticas antisindicales, apunt\u00f3 el informe, buscan controlar el poder de fuego de las organizaciones obreras. Sobre la criminalizaci\u00f3n de la protesta, el Observatorio indic\u00f3 que de enero a junio fueron detenidos al menos 35 dirigentes y activistas sindicales de seis provincias.<\/p>\n<p>\u201cAdem\u00e1s de las detenciones, hemos relevado m\u00faltiples causas penales y sumarios administrativos a dirigentes sindicales y activistas cuyo objetivo es el disciplinamiento de los trabajadores y la obstaculizaci\u00f3n de las luchas. Las denuncias penales se han concentrado en el sector p\u00fablico\u201d, se\u00f1alaron los investigadores. El an\u00e1lisis fue realizado por Silvina Benevento, Julia Campos, Mariana Campos, Jimena Frankel y el mencionado Luis Campos.<\/p>\n<p>Para el mismo per\u00edodo enero-junio registraron 24 casos de represi\u00f3n contra movilizaciones en nueve provincias, es decir que hubo m\u00e1s de un caso de desalojo violento de protestas por semana.<\/p>\n<p>Un \u00edtem especial fue dedicado a los intentos de restringir el derecho de huelga. Uno de los mecanismos utilizados es el intento de reemplazar a los trabajadores en paro. As\u00ed sucedi\u00f3 en Tierra del Fuego y en la provincia de Buenos Aires, donde las gobernaciones dictaron resoluciones, en el primer caso para designar docentes que dieran clases en lugar de los maestros en paro, en el segundo para reemplazar con empresas tercerizadas los servicios de los trabajadores auxiliares de cocina y limpieza en las escuelas igualmente en conflicto.<\/p>\n<p>Se sum\u00f3, desde el Poder Judicial, el fallo de la Corte Suprema en el caso Orellano, en el que el m\u00e1ximo tribunal sostuvo que los paros s\u00f3lo pueden ser convocados por organizaciones sindicales que cuenten con el reconocimiento del Estado \u2013ya sea por tener personer\u00eda gremial o inscripci\u00f3n simple\u2013, debilitando as\u00ed a los trabajadores que est\u00e1n comenzando a organizarse, a los precarizados, a los que no tienen un sindicato que los represente o integran comisiones opositoras a la conducci\u00f3n.<\/p>\n<p>En cuanto a los despidos de activistas, el Observatorio los se\u00f1ala como \u201cuna de las pr\u00e1cticas antisindicales m\u00e1s extendidas por parte de las patronales\u201d. Entre los casos detallados, los investigadores mencionaron el de los despedidos de Menoyo, que a\u00fan con una cautelar de la Justicia en su favor no logran ser reincorporados. El informe agrega que otro modo en uso es la sanci\u00f3n a los trabajadores que participan de medidas colectivas.<\/p>\n<h6>Fuente: P\u00e1gina 12<\/h6>\n","protected":false},"excerpt":{"rendered":"<p>Un informe del Observatorio del Derecho Social de la CTA relev\u00f3 el incremento en los \u00faltimos seis meses de acciones represivas contra medidas gremiales, como parte de los cambios que se est\u00e1n promoviendo en el mercado de trabajo.<\/p>\n","protected":false},"author":2,"featured_media":50396,"comment_status":"closed","ping_status":"closed","sticky":false,"template":"","format":"standard","meta":{"footnotes":""},"categories":[8],"tags":[21],"class_list":["post-50395","post","type-post","status-publish","format-standard","has-post-thumbnail","hentry","category-informe-nacional","tag-argentina"],"_links":{"self":[{"href":"http:\/\/argentinamunicipal.com.ar\/argentina\/wp-json\/wp\/v2\/posts\/50395","targetHints":{"allow":["GET"]}}],"collection":[{"href":"http:\/\/argentinamunicipal.com.ar\/argentina\/wp-json\/wp\/v2\/posts"}],"about":[{"href":"http:\/\/argentinamunicipal.com.ar\/argentina\/wp-json\/wp\/v2\/types\/post"}],"author":[{"embeddable":true,"href":"http:\/\/argentinamunicipal.com.ar\/argentina\/wp-json\/wp\/v2\/users\/2"}],"replies":[{"embeddable":true,"href":"http:\/\/argentinamunicipal.com.ar\/argentina\/wp-json\/wp\/v2\/comments?post=50395"}],"version-history":[{"count":0,"href":"http:\/\/argentinamunicipal.com.ar\/argentina\/wp-json\/wp\/v2\/posts\/50395\/revisions"}],"wp:featuredmedia":[{"embeddable":true,"href":"http:\/\/argentinamunicipal.com.ar\/argentina\/wp-json\/wp\/v2\/media\/50396"}],"wp:attachment":[{"href":"http:\/\/argentinamunicipal.com.ar\/argentina\/wp-json\/wp\/v2\/media?parent=50395"}],"wp:term":[{"taxonomy":"category","embeddable":true,"href":"http:\/\/argentinamunicipal.com.ar\/argentina\/wp-json\/wp\/v2\/categories?post=50395"},{"taxonomy":"post_tag","embeddable":true,"href":"http:\/\/argentinamunicipal.com.ar\/argentina\/wp-json\/wp\/v2\/tags?post=50395"}],"curies":[{"name":"wp","href":"https:\/\/api.w.org\/{rel}","templated":true}]}}