{"id":50401,"date":"2016-07-04T07:29:31","date_gmt":"2016-07-04T10:29:31","guid":{"rendered":"http:\/\/argentinamunicipal.com.ar\/argentina\/?p=50401"},"modified":"2016-07-04T07:29:31","modified_gmt":"2016-07-04T10:29:31","slug":"la-mayor-caida-del-ano","status":"publish","type":"post","link":"http:\/\/argentinamunicipal.com.ar\/argentina\/la-mayor-caida-del-ano\/","title":{"rendered":"La mayor ca\u00edda del a\u00f1o"},"content":{"rendered":"<p>CAME inform\u00f3 que se registraron ca\u00eddas en todos los rubros salvo en \u201cfarmacias\u201d. En este \u00faltimo caso la mejora se atribuy\u00f3 a \u201cm\u00e1s problemas de salud masivos como gripe A o faringitis\u201d.<\/p>\n<p>Las ventas de los comercios minoristas medidas en cantidades bajaron en junio 9,8 por ciento en relaci\u00f3n a igual mes de 2015, en la mayor ca\u00edda del a\u00f1o, lo que \u201cagudiza los problemas de liquidez y rentabilidad\u201d del sector, advirti\u00f3 ayer la Confederaci\u00f3n Argentina de la Mediana Empresa (CAME). De acuerdo a un sondeo realizado por la entidad, las ventas minoristas acumularon en el primer semestre una retracci\u00f3n de 6,4 por ciento interanual. La entidad advirti\u00f3 que \u201ces el sexto mes consecutivo en que las ventas se retraen, agravando la situaci\u00f3n de las empresas del sector, que con poco margen de liquidez, deben afrontar las fuertes subas en los costos de la actividad\u201d. El relevamiento arroj\u00f3 que, con la excepci\u00f3n del rubro \u2018Farmacias\u2019, todos los sectores que componen la canasta de consumo se contrajeron en la comparaci\u00f3n anual, y la mayor\u00eda con descensos muy pronunciados.<\/p>\n<p>El informe indic\u00f3 que las ca\u00eddas anuales m\u00e1s significativas en junio se registraron en: \u2018Electrodom\u00e9sticos y art\u00edculos electr\u00f3nicos\u2019 (-19,2 por ciento), \u2018Bijouterie\u2019 (-14,7), \u2018Materiales para la construcci\u00f3n\u2019 (-13,6) y \u2018Ferreter\u00edas\u2019 (-13,2 por ciento). En el caso del rubro Farmacias, atribuy\u00f3 la suba de 1,9 por ciento interanual al hecho de que este sector \u201cest\u00e1 en la incorporaci\u00f3n de nuevos productos para sostener la venta por parte de los comercios, y porque comparado con el a\u00f1o pasado parece haber m\u00e1s problemas de salud masivos como Gripe A o faringitis, entre otras dolencias\u201d. Seg\u00fan el an\u00e1lisis, el consumidor volvi\u00f3 en junio \u201ca controlar con meticulosidad su presupuesto, evitando compras innecesarias y tratando de encontrar los mejores precios y las ofertas m\u00e1s convenientes del mercado\u201d.<\/p>\n<p>\u201cLa situaci\u00f3n es grave, porque no se trata de una retracci\u00f3n por expectativas desfavorables, sino por la p\u00e9rdida concreta de ingresos en muchas familias que las obliga a recortar su canasta de consumo\u201d, afirm\u00f3 la CAME. El informe explic\u00f3 que la demanda \u201clevant\u00f3 un poco\u201d con el festejo del D\u00eda del Padre aunque la fecha este a\u00f1o \u201cestuvo modesta\u201d, y \u201ctampoco fue suficiente\u201d algunos cobros anticipados de aguinaldos. La CAME se\u00f1al\u00f3 que \u201ca pesar del panorama desalentador, muchos empresarios prefieren olvidar los \u00faltimos meses y poner las expectativas en el segundo semestre donde se espera alg\u00fan repunte\u201d.<\/p>\n<p>El resultado de las ventas en junio en vol\u00famenes f\u00edsicos de frente a igual mes de 2015, por sectores, es el siguiente: Alimentos y Bebidas (-2,8 por ciento); Bazar y Regalos (-12,1); Bijouterie (-14,7); Calzados (-7,8); Deportes (-9,2); Electrodom\u00e9sticos y art. Electr\u00f3nicos (-19,2); Farmacias (1,9); Ferreter\u00eda (-13,2); Golosinas (-12,5); Joyer\u00eda y Relojer\u00eda (-11,2); Jugueter\u00eda, Rodados, y art. de librer\u00edas (-10,8); Marroquiner\u00eda (-11,1); Materiales el\u00e9ctricos (-11,8); Materiales para la construcci\u00f3n (-13,6); Muebles de Oficina (-9,9); Muebles del Hogar (-9,7); Neum\u00e1ticos (-11,8); Perfumer\u00eda (-7,7); Textil &#8211; Blanco (-10,8); y Textil &#8211; Indumentaria (-10,1 por ciento).<\/p>\n<h6>Fuente: P\u00e1gina 12<\/h6>\n","protected":false},"excerpt":{"rendered":"<p>CAME inform\u00f3 que se registraron ca\u00eddas en todos los rubros salvo en \u201cfarmacias\u201d. En este \u00faltimo caso la mejora se atribuy\u00f3 a \u201cm\u00e1s problemas de salud masivos como gripe A o faringitis\u201d.<\/p>\n","protected":false},"author":2,"featured_media":50402,"comment_status":"closed","ping_status":"closed","sticky":false,"template":"","format":"standard","meta":{"footnotes":""},"categories":[8],"tags":[21],"class_list":["post-50401","post","type-post","status-publish","format-standard","has-post-thumbnail","hentry","category-informe-nacional","tag-argentina"],"_links":{"self":[{"href":"http:\/\/argentinamunicipal.com.ar\/argentina\/wp-json\/wp\/v2\/posts\/50401","targetHints":{"allow":["GET"]}}],"collection":[{"href":"http:\/\/argentinamunicipal.com.ar\/argentina\/wp-json\/wp\/v2\/posts"}],"about":[{"href":"http:\/\/argentinamunicipal.com.ar\/argentina\/wp-json\/wp\/v2\/types\/post"}],"author":[{"embeddable":true,"href":"http:\/\/argentinamunicipal.com.ar\/argentina\/wp-json\/wp\/v2\/users\/2"}],"replies":[{"embeddable":true,"href":"http:\/\/argentinamunicipal.com.ar\/argentina\/wp-json\/wp\/v2\/comments?post=50401"}],"version-history":[{"count":0,"href":"http:\/\/argentinamunicipal.com.ar\/argentina\/wp-json\/wp\/v2\/posts\/50401\/revisions"}],"wp:featuredmedia":[{"embeddable":true,"href":"http:\/\/argentinamunicipal.com.ar\/argentina\/wp-json\/wp\/v2\/media\/50402"}],"wp:attachment":[{"href":"http:\/\/argentinamunicipal.com.ar\/argentina\/wp-json\/wp\/v2\/media?parent=50401"}],"wp:term":[{"taxonomy":"category","embeddable":true,"href":"http:\/\/argentinamunicipal.com.ar\/argentina\/wp-json\/wp\/v2\/categories?post=50401"},{"taxonomy":"post_tag","embeddable":true,"href":"http:\/\/argentinamunicipal.com.ar\/argentina\/wp-json\/wp\/v2\/tags?post=50401"}],"curies":[{"name":"wp","href":"https:\/\/api.w.org\/{rel}","templated":true}]}}