{"id":50416,"date":"2016-07-04T08:06:51","date_gmt":"2016-07-04T11:06:51","guid":{"rendered":"http:\/\/argentinamunicipal.com.ar\/argentina\/?p=50416"},"modified":"2016-07-04T08:06:51","modified_gmt":"2016-07-04T11:06:51","slug":"guanacos-apuesta-la-ganaderia","status":"publish","type":"post","link":"http:\/\/argentinamunicipal.com.ar\/argentina\/guanacos-apuesta-la-ganaderia\/","title":{"rendered":"Gua\u00f1acos apuesta a la ganader\u00eda"},"content":{"rendered":"<p>La lana y el pelo de cabra signan la producci\u00f3n primaria. La cr\u00eda de ganado vacuno, un incipiente plan de forestaci\u00f3n en marcha y un proyecto de cuenca lechera son los ejes de un programa de actividades que apuntalan las expectativas de crecimiento.<\/p>\n<p>Enclavado en el centro oeste de la provincia, con los cerros andinos como marco en cada puesta de sol y cruzado por r\u00edos y arroyos Gua\u00f1acos, con medio millar de pobladores, sostiene sus expectativas de crecimiento en la crianza de ovejas, cabras y vacunos y en plantaciones de nogales.<\/p>\n<p>Acompa\u00f1ando la b\u00fasqueda de nuevas alternativas a partir de las actividades ganaderas primarias, desde la Comisi\u00f3n de Fomento se trabaja tanto en responder a las demandas de servicios elementales como, con el apoyo de la Provincia, en proyectos que permitan un desarrollo econ\u00f3mico sustentable.<\/p>\n<p>\u201cEste ha sido un buen a\u00f1o para los crianceros, que han tenido una interesante esquila de lana y la han comercializado de manera que les permite poder seguir trabajando. Apuntamos a crear las mejores condiciones posibles para que junto a la venta de animales sea una actividad que le asegure ingresos\u201d, dijo Graciela Noem\u00ed Ar\u00e9valo, presidenta de la Comisi\u00f3n (ver recuadro).<\/p>\n<p>Con sus calles reci\u00e9n trazadas, un pu\u00f1ado de viviendas de planes oficiales y otras en ejecuci\u00f3n, un tramo de la calle principal alumbrada, la posta sanitaria, una obra de agua potable \u2013almacenamiento y tratamiento y red domiciliaria con m\u00e1s de un centenar de conexiones\u2013 y un centro c\u00edvico que tiene su centro en el edificio municipal, las autoridades pretenden un ordenamiento que sea la base de un desarrollo social.<\/p>\n<p>\u201cLas obras y la planificaci\u00f3n son fundamentales para responder a las demandas de los vecinos, que cada d\u00eda est\u00e1n golpeando la puerta de la Comisi\u00f3n por una u otra cosa. Entre tantos desaf\u00edos trato de canalizar las necesidades de los j\u00f3venes, con capacitaciones para que puedan tener salidas laborales\u201d, dijo la jefa comunal.<\/p>\n<p>Entre esas obras destac\u00f3 el apoyo a los crianceros a trav\u00e9s de la Asociaci\u00f3n de Fomento Rural. A la recolecci\u00f3n de lana se procura sumar la de pelo de cabra. \u201cLa idea es adquirir una m\u00e1quina que nos permita llevarla por los puestos para obtenci\u00f3n del producto y luego comercializarla. En la Comisi\u00f3n hay un responsable que trabaja en esa propuesta, como tambi\u00e9n lo hace respecto de la venta de animales\u201d, coment\u00f3.<\/p>\n<p>Si bien no ha pasado de un proyecto, sigue vigente la posibilidad lanzada a\u00f1os atr\u00e1s de integrar junto a otras localidades de la zona una cuenca lechera. \u201cEn la actualidad un reducido grupo de mujeres produce habitualmente quesos, de una manera absolutamente artesanal, pero demuestra que es una buena alternativa porque venden todo lo que elaboran\u201d, sostuvo.<\/p>\n<p>Recientemente, con un plan del ministerio de Producci\u00f3n, se plantaron 1.000 nogales en parcelas que trabajan 15 productores. \u201cEs otra experiencia en busca de alternativas\u201d, remarc\u00f3.<\/p>\n<p>La estructura municipal se integra con la presidenta y la secretaria de Hacienda, Carina Herrera, 48 empleados de planta permanente y ocho contratados. Econ\u00f3micamente depende de la asistencia provincial, con un presupuesto de 900.000 pesos, del cual m\u00e1s del 90% es para salarios.<\/p>\n<p>El 21 de abril festejaron 28 a\u00f1os y hace dos la administraci\u00f3n se mud\u00f3 al edificio propio. Ocupa la planta baja, el primer piso tiene un avance del 80%.<\/p>\n<p>Hay una escuela albergue para una docena de chicos que incluye el nivel inicial, para otros 45. Para facilitar el cursado secundario la Comisi\u00f3n fleta el transporte diario a Andacollo.<\/p>\n<p>Gestionan un destacamento policial \u2013para el que ya han destinado el terreno\u2013 y la instalaci\u00f3n de un cajero autom\u00e1tico.<br \/>\nUna decena de viviendas en carpeta a construir por el gobierno provincial, es otro de los objetivos que alientan las autoridades de la localidad.<br \/>\n\u201cSomos el lugar obligado para ir a Chile por el paso Pichach\u00e9n, por eso queremos ofrecer servicios m\u00ednimos<br \/>\na los viajeros\u201d.<\/p>\n<h6>Fuente: R\u00edo Negro<\/h6>\n","protected":false},"excerpt":{"rendered":"<p>La lana y el pelo de cabra signan la producci\u00f3n primaria. La cr\u00eda de ganado vacuno, un incipiente plan de forestaci\u00f3n en marcha y un proyecto de cuenca lechera son los ejes de un programa de actividades que apuntalan las expectativas de crecimiento.<\/p>\n","protected":false},"author":2,"featured_media":50417,"comment_status":"closed","ping_status":"closed","sticky":false,"template":"","format":"standard","meta":{"footnotes":""},"categories":[2],"tags":[23],"class_list":["post-50416","post","type-post","status-publish","format-standard","has-post-thumbnail","hentry","category-informe-municipal","tag-neuquen"],"_links":{"self":[{"href":"http:\/\/argentinamunicipal.com.ar\/argentina\/wp-json\/wp\/v2\/posts\/50416","targetHints":{"allow":["GET"]}}],"collection":[{"href":"http:\/\/argentinamunicipal.com.ar\/argentina\/wp-json\/wp\/v2\/posts"}],"about":[{"href":"http:\/\/argentinamunicipal.com.ar\/argentina\/wp-json\/wp\/v2\/types\/post"}],"author":[{"embeddable":true,"href":"http:\/\/argentinamunicipal.com.ar\/argentina\/wp-json\/wp\/v2\/users\/2"}],"replies":[{"embeddable":true,"href":"http:\/\/argentinamunicipal.com.ar\/argentina\/wp-json\/wp\/v2\/comments?post=50416"}],"version-history":[{"count":0,"href":"http:\/\/argentinamunicipal.com.ar\/argentina\/wp-json\/wp\/v2\/posts\/50416\/revisions"}],"wp:featuredmedia":[{"embeddable":true,"href":"http:\/\/argentinamunicipal.com.ar\/argentina\/wp-json\/wp\/v2\/media\/50417"}],"wp:attachment":[{"href":"http:\/\/argentinamunicipal.com.ar\/argentina\/wp-json\/wp\/v2\/media?parent=50416"}],"wp:term":[{"taxonomy":"category","embeddable":true,"href":"http:\/\/argentinamunicipal.com.ar\/argentina\/wp-json\/wp\/v2\/categories?post=50416"},{"taxonomy":"post_tag","embeddable":true,"href":"http:\/\/argentinamunicipal.com.ar\/argentina\/wp-json\/wp\/v2\/tags?post=50416"}],"curies":[{"name":"wp","href":"https:\/\/api.w.org\/{rel}","templated":true}]}}