{"id":50422,"date":"2016-07-04T08:24:29","date_gmt":"2016-07-04T11:24:29","guid":{"rendered":"http:\/\/argentinamunicipal.com.ar\/argentina\/?p=50422"},"modified":"2016-07-04T08:24:29","modified_gmt":"2016-07-04T11:24:29","slug":"bicentenario-gobernadores-suscribiran-acta-declaracion-la-independencia","status":"publish","type":"post","link":"http:\/\/argentinamunicipal.com.ar\/argentina\/bicentenario-gobernadores-suscribiran-acta-declaracion-la-independencia\/","title":{"rendered":"Bicentenario: Gobernadores suscribir\u00e1n acta de Declaraci\u00f3n de la Independencia"},"content":{"rendered":"<p>El presidente Macri encabezar\u00e1 el pr\u00f3ximo s\u00e1bado los festejos del Bicentenario en Tucum\u00e1n con un acto \u00abaustero\u00bb y hablar\u00e1 por cadena nacional. Adem\u00e1s los Gobernadores firmar\u00e1n la \u00abdeclaraci\u00f3n de los pr\u00f3ximos 100 a\u00f1os<\/p>\n<p>El Gobierno ultima los detalles de los festejos por el Bicentenario de la Independencia, que comenzar\u00e1 el viernes con una vigilia en la Quebrada de Humahuaca, continuar\u00e1 con un acto central en la Casa de Tucum\u00e1n encabezado por el presidente Mauricio Macri y con presencia de los gobernadores, y culminar\u00e1 al d\u00eda siguiente en Buenos Aires con un desfile militar.<\/p>\n<p>Fuentes del gobierno adelantaron que a diferencia de lo que fueron las celebraciones del Bicentenario de la Revoluci\u00f3n de Mayo organizados por el kirchnerismo, los festejos por el D\u00eda de la Independencia tendr\u00e1n una impronta m\u00e1s \u00abaustera\u00bb.<br \/>\nLuego de su gira por Estados Unidos y Europa, Macri aterrizar\u00e1 en Jujuy el viernes y permanecer\u00e1 all\u00ed unas horas, con el gobernador de Jujuy, Gerardo Morales, como anfitri\u00f3n.<\/p>\n<p>Durante la noche, habr\u00e1 recitales en distintos puntos de la Argentina que ser\u00e1n transmitidos por la TV P\u00fablica.<br \/>\nEl plato fuerte ser\u00e1 el s\u00e1bado con el acto en la Casa de Tucum\u00e1n, donde los mandatarios provinciales suscribir\u00e1n el acta de Declaraci\u00f3n de la Independencia para que luego comiencen formalmente las celebraciones y actividades.<br \/>\nLos actos comenzar\u00e1n m\u00e1s temprano cuando a las 9.00 se proceda al izamiento de la bandera nacional, para luego dar paso al Ted\u00e9um en la catedral tucumana.<\/p>\n<p>La atenci\u00f3n estar\u00e1 puesta en la decisi\u00f3n que tomen los gobernadores de Neuqu\u00e9n, R\u00edo Negro, Corrientes, Santa Cruz, Tierra del Fuego, Chaco, Misiones, Santa Fe y Entre R\u00edos, provincias que nunca firmaron el acta de la Independencia.<br \/>\nEn el caso de las provincias del Litoral, nunca lo hicieron porque respond\u00edan al mando del pr\u00f3cer uruguayo Jos\u00e9 de Artigas, mientras que las dem\u00e1s porque en 1816 a\u00fan no constitu\u00edan territorios aut\u00f3nomos.<\/p>\n<p>Tras la firma de la \u00abdeclaraci\u00f3n de los pr\u00f3ximos 100 a\u00f1os\u00bb junto a los gobernadores, habr\u00e1 un almuerzo oficial en el patio posterior del solar patrio.<br \/>\nA las 14:00, se llevar\u00e1 en la zona del Parque Avellaneda a cabo un desfile militar que contar\u00e1 con 5 mil integrantes, entre ellos miembros de las tres fuerzas, representantes de colectividades, artistas, deportistas y cient\u00edficos.<br \/>\nA su vez, habr\u00e1n shows art\u00edsticos de distinta \u00edndole, entre los que se destacar\u00e1 el entierro de una \u00abc\u00e1psula del tiempo\u00bb, la cual contendr\u00e1 un mensaje para los argentinos del tricentenario.<\/p>\n<p>Est\u00e1 previsto que el Presidente hable a los argentinos por cadena nacional, en un mensaje que incluir\u00eda unas palabras de homenaje a los h\u00e9roes de la Independencia, y algunas referencias sobre la actualidad.<br \/>\nEl jefe de Estado estar\u00e1 acompa\u00f1ado por la vicepresidenta Gabriela Michetti, todos los miembros del Gabinete, adem\u00e1s de la totalidad de los gobernadores e invitados especiales, inform\u00f3 el director del Ente del Bicentenario, Julio Saguir.<\/p>\n<p>Entre los invitados del exterior, est\u00e1n confirmadas las asistencias del rey em\u00e9rito de Espa\u00f1a, Juan Carlos I, de la presidenta de Chile, Michelle Bachelet; de sus pares de Paraguay, Horacio Cartes, e Italia, Sergio Mattarella.<br \/>\nEl domingo los festejos se trasladar\u00e1n a Buenos Aires, donde el gobierno prepara en horas del mediod\u00eda un desfile de bandas militares de distintos pa\u00edses a lo largo de la Avenida del Libertador hasta el Campo Argentino de Polo.<\/p>\n<p>Se espera la participaci\u00f3n de representantes de pa\u00edses sudamericanos, europeos e incluso de Marruecos, que har\u00e1n sonar piezas tradicionales de sus pa\u00edses.<\/p>\n<h6>Fuente: El Once<\/h6>\n","protected":false},"excerpt":{"rendered":"<p>El presidente Macri encabezar\u00e1 el pr\u00f3ximo s\u00e1bado los festejos del Bicentenario en Tucum\u00e1n con un acto \u00abaustero\u00bb y hablar\u00e1 por cadena nacional. Adem\u00e1s los Gobernadores firmar\u00e1n la \u00abdeclaraci\u00f3n de los pr\u00f3ximos 100 a\u00f1os<\/p>\n","protected":false},"author":2,"featured_media":50423,"comment_status":"closed","ping_status":"closed","sticky":false,"template":"","format":"standard","meta":{"footnotes":""},"categories":[65],"tags":[21],"class_list":["post-50422","post","type-post","status-publish","format-standard","has-post-thumbnail","hentry","category-provincias","tag-argentina"],"_links":{"self":[{"href":"http:\/\/argentinamunicipal.com.ar\/argentina\/wp-json\/wp\/v2\/posts\/50422","targetHints":{"allow":["GET"]}}],"collection":[{"href":"http:\/\/argentinamunicipal.com.ar\/argentina\/wp-json\/wp\/v2\/posts"}],"about":[{"href":"http:\/\/argentinamunicipal.com.ar\/argentina\/wp-json\/wp\/v2\/types\/post"}],"author":[{"embeddable":true,"href":"http:\/\/argentinamunicipal.com.ar\/argentina\/wp-json\/wp\/v2\/users\/2"}],"replies":[{"embeddable":true,"href":"http:\/\/argentinamunicipal.com.ar\/argentina\/wp-json\/wp\/v2\/comments?post=50422"}],"version-history":[{"count":0,"href":"http:\/\/argentinamunicipal.com.ar\/argentina\/wp-json\/wp\/v2\/posts\/50422\/revisions"}],"wp:featuredmedia":[{"embeddable":true,"href":"http:\/\/argentinamunicipal.com.ar\/argentina\/wp-json\/wp\/v2\/media\/50423"}],"wp:attachment":[{"href":"http:\/\/argentinamunicipal.com.ar\/argentina\/wp-json\/wp\/v2\/media?parent=50422"}],"wp:term":[{"taxonomy":"category","embeddable":true,"href":"http:\/\/argentinamunicipal.com.ar\/argentina\/wp-json\/wp\/v2\/categories?post=50422"},{"taxonomy":"post_tag","embeddable":true,"href":"http:\/\/argentinamunicipal.com.ar\/argentina\/wp-json\/wp\/v2\/tags?post=50422"}],"curies":[{"name":"wp","href":"https:\/\/api.w.org\/{rel}","templated":true}]}}