{"id":50452,"date":"2016-07-05T07:41:25","date_gmt":"2016-07-05T10:41:25","guid":{"rendered":"http:\/\/argentinamunicipal.com.ar\/argentina\/?p=50452"},"modified":"2016-07-05T07:41:25","modified_gmt":"2016-07-05T10:41:25","slug":"rosario-proponen-dar-emprendedores-lo-recaudado-multas","status":"publish","type":"post","link":"http:\/\/argentinamunicipal.com.ar\/argentina\/rosario-proponen-dar-emprendedores-lo-recaudado-multas\/","title":{"rendered":"Rosario: Proponen dar a emprendedores lo recaudado en multas \u00a0"},"content":{"rendered":"<p>Iniciativa del concejal del bloque de Uni\u00f3n Pro, Gabriel Felipe Chumpitaz, que tiene como objetivo destinar al programa municipal Emprende, lo recaudado en concepto de multas por incumplimiento de la ordenanza de cierre dominical.<\/p>\n<p>El concejal del bloque de Uni\u00f3n Pro, Gabriel Chumpitaz, inst\u00f3 al municipio a que lleve adelante las acciones necesarias ante el gobierno provincial, a fin de que lo recaudado en concepto de multas por incumplimiento de la ordenanza de cierre dominical sea destinado al programa municipal Emprende.<\/p>\n<p>Al respecto, el edil manifest\u00f3: \u00abOportunamente me opuse a la aplicaci\u00f3n de la ordenanza de cierre dominical, por considerarla una marroquiner\u00eda legislativa. La realidad es que la medida se llev\u00f3 a cabo, y como todos sabemos, hubo algunas cadenas que incumplieron la norma\u00bb.<\/p>\n<p>\u00abR\u00adatifico mi rotunda oposici\u00f3n al cierre dominical de las grandes cadenas de supermercados. Pese a ello considero que, al afectar directamente a la producci\u00f3n y el desarrollo del comercio local, lo recaudado en concepto de multas debiera orientarse a un programa como el Emprende \u2013o a alguno similar que lo reemplace en el futuro-, debido a que fomenta el desarrollo de emprendimientos productivos y por ende la generaci\u00f3n de empleo\u00bb enfatiz\u00f3.<\/p>\n<p>Asimismo, Chumpitaz afirm\u00f3 que \u00abel programa Emprendes tiene como uno de sus objetivos financiar cada una de las etapas de los proyectos de los emprendedores, all\u00ed es donde nos interesa que se destine lo recaudado\u00bb. \u00abHasta tanto no se resuelva la situaci\u00f3n respecto de la inconstitucionalidad de la ley de cierre dominical, ser\u00eda muy bueno proteger ese dinero de afectaci\u00f3n espec\u00edfica\u00bb, destac\u00f3 el legislador de Uni\u00f3n Pro.<\/p>\n<p>\u00abLo recaudado en concepto de multas el domingo pasado supera los 400 mil pesos. Proponemos que ese monto no vaya a rentas generales, sino que de alguna manera vuela al sector productivo y puntualmente a fomentar a emprendedores\u00bb aclar\u00f3 el edil.<\/p>\n<p>A modo de conclusi\u00f3n, el concejal macrista opin\u00f3 que \u00ablos primeros perjudicados por el cierre dominical son los trabajadores, que pierden un porcentaje importante de su salario y, en el peor de los casos, su trabajo. Para ellos, s\u00f3lo nos queda esperar que se declare la inconstitucionalidad de la ley\u00bb. \u00abSi bien con esta norma no mejoramos su situaci\u00f3n, consideramos que puede ser un paliativo, para que lo recaudado permanezca dentro del circuito de la producci\u00f3n\u00bb, concluy\u00f3 Chumpitaz.<\/p>\n<h6>Fuente: Sin Mordaza<\/h6>\n","protected":false},"excerpt":{"rendered":"<p>Iniciativa del concejal del bloque de Uni\u00f3n Pro, Gabriel Felipe Chumpitaz, que tiene como objetivo destinar al programa municipal Emprende, lo recaudado en concepto de multas por incumplimiento de la ordenanza de cierre dominical.  <\/p>\n","protected":false},"author":2,"featured_media":50453,"comment_status":"closed","ping_status":"closed","sticky":false,"template":"","format":"standard","meta":{"footnotes":""},"categories":[2],"tags":[10],"class_list":["post-50452","post","type-post","status-publish","format-standard","has-post-thumbnail","hentry","category-informe-municipal","tag-santa-fe"],"_links":{"self":[{"href":"http:\/\/argentinamunicipal.com.ar\/argentina\/wp-json\/wp\/v2\/posts\/50452","targetHints":{"allow":["GET"]}}],"collection":[{"href":"http:\/\/argentinamunicipal.com.ar\/argentina\/wp-json\/wp\/v2\/posts"}],"about":[{"href":"http:\/\/argentinamunicipal.com.ar\/argentina\/wp-json\/wp\/v2\/types\/post"}],"author":[{"embeddable":true,"href":"http:\/\/argentinamunicipal.com.ar\/argentina\/wp-json\/wp\/v2\/users\/2"}],"replies":[{"embeddable":true,"href":"http:\/\/argentinamunicipal.com.ar\/argentina\/wp-json\/wp\/v2\/comments?post=50452"}],"version-history":[{"count":0,"href":"http:\/\/argentinamunicipal.com.ar\/argentina\/wp-json\/wp\/v2\/posts\/50452\/revisions"}],"wp:featuredmedia":[{"embeddable":true,"href":"http:\/\/argentinamunicipal.com.ar\/argentina\/wp-json\/wp\/v2\/media\/50453"}],"wp:attachment":[{"href":"http:\/\/argentinamunicipal.com.ar\/argentina\/wp-json\/wp\/v2\/media?parent=50452"}],"wp:term":[{"taxonomy":"category","embeddable":true,"href":"http:\/\/argentinamunicipal.com.ar\/argentina\/wp-json\/wp\/v2\/categories?post=50452"},{"taxonomy":"post_tag","embeddable":true,"href":"http:\/\/argentinamunicipal.com.ar\/argentina\/wp-json\/wp\/v2\/tags?post=50452"}],"curies":[{"name":"wp","href":"https:\/\/api.w.org\/{rel}","templated":true}]}}