{"id":50468,"date":"2016-07-05T08:05:23","date_gmt":"2016-07-05T11:05:23","guid":{"rendered":"http:\/\/argentinamunicipal.com.ar\/argentina\/?p=50468"},"modified":"2016-07-05T08:05:23","modified_gmt":"2016-07-05T11:05:23","slug":"la-memoria-del-martirio-los-palotinos","status":"publish","type":"post","link":"http:\/\/argentinamunicipal.com.ar\/argentina\/la-memoria-del-martirio-los-palotinos\/","title":{"rendered":"La memoria del martirio de los palotinos"},"content":{"rendered":"<p>Obispos y otras autoridades eclesi\u00e1sticas, familiares, amigos y funcionarios recordaron a las v\u00edctimas de la masacre. La comunidad palotina pide que los sacerdotes y seminaristas asesinados sean declarados m\u00e1rtires y que la orden se presente como querellante.<\/p>\n<p>Los quince obispos se ubicaron detr\u00e1s del altar cubierto con la alfombra que a\u00fan guarda la sangre de los cinco palotinos asesinados por la \u00faltima dictadura. A ambos lados, se acomodaron decenas de sacerdotes vestidos de blanco provenientes de lugares y filiaciones distintas. Ya hab\u00eda pasado por el altar \u2013en un gesto apresurado, pero fundamental\u2013 el nuncio apost\u00f3lico Emil Paul Tscherring para traer la presencia y bendiciones del papa Francisco. Luego del comienzo de la misa, de la lectura de un pasaje de San Mateo y de las bienaventuranzas, esa \u201ccarta magna\u201d de la grey cat\u00f3lica, se par\u00f3 ante el altar el arzobispo porte\u00f1o, Mario Poli. Se coloc\u00f3 los lentes, acomod\u00f3 las hojas y dijo: \u201cLos que se creyeron jueces sentenciando a muerte a los hermanos no sab\u00edan que los cristianos hacen bien y se los castiga como a malhechores\u201d. \u201cSabemos\u201d, agreg\u00f3, en lo que se ley\u00f3 como un reconocimiento al pedido de la comunidad palotina para que la jerarqu\u00eda eclesi\u00e1stica impulse la consulta por el martirio, \u201cque el martirio es un don&#8230; Sus hermanos de congregaci\u00f3n que conoc\u00edan bien a quienes les quitaron la vida desean presentar a la madre Iglesia su bautismo de sangre. Ella, con su sabidur\u00eda, sabr\u00e1 decidir cu\u00e1l es el lugar de los hermanos en la Iglesia del cielo\u201d.<\/p>\n<p>Bajo los techos de San Patricio se conmemoraron los 40 a\u00f1os del asesinato de los sacerdotes Alfredo Leaden, Alfredo Jos\u00e9 Kelly y Pedro Eduardo Dufau y de los seminaristas Salvador Barbeito Doval y Jos\u00e9 Emilio Barletti. La misa de las ocho de la noche llen\u00f3 todos los espacios. En la primera fila se sent\u00f3 el premio Nobel de la Paz Adolfo P\u00e9rez Esquivel, al lado de An\u00edbal Ibarra, uno de los impulsores de la reapertura de la investigaci\u00f3n penal de 1984, luego del cierre ordenado por la justicia de la dictadura. Estuvo el rabino Daniel Goldman, el subsecretario de Culto de Naci\u00f3n, Alfredo Abriani, hubo funcionarios del Ministerio de Educaci\u00f3n, sobrinos, hermanos y padres de los curas asesinados, cientos de personas.<\/p>\n<p>\u201cTambi\u00e9n las cicatrices de Jes\u00fas se vieron en los cuerpos de nuestros hermanos religiosos asesinados el 4 de julio y as\u00ed se presentaron ante el se\u00f1or de la Misericordia\u201d, dijo el arzobispo. \u201cPor qu\u00e9 no pensar que se entregaban a la vida fraterna aquellos palotinos de los que hoy hacemos memoria\u201d, dijo. Comprometidos en la oraci\u00f3n, en los sacramentos, en el servicio a los pobres y el servicio a los d\u00e9biles de la fe hasta que, agreg\u00f3, \u201ccomo dice el salmo, el enemigo me persigui\u00f3 a muerte y aplast\u00f3 mi vida contra el suelo\u201d.<\/p>\n<p>Ante el altar, catorce velas encendidas durante todo el d\u00eda irradiaron luz sobre las im\u00e1genes de los cinco hombres que esta comunidad nombr\u00f3 desde el comienzo como sus m\u00e1rtires. Desde all\u00ed parti\u00f3 el reclamo para impulsar primero a los superiores de la Orden y luego a la jerarqu\u00eda de la Iglesia a abrir los dos caminos que reclaman. El primero, la v\u00eda de la canonizaci\u00f3n o el proceso de martirio dentro del espacio de la Iglesia. Un proceso que, seg\u00fan aseguran entre los palotinos, Jorge Bergoglio impuls\u00f3 en primera persona durante la celebraci\u00f3n del a\u00f1o 2001, cuando se cumpl\u00edan 25 a\u00f1os de los cr\u00edmenes, al nombrarlos por primera vez como m\u00e1rtires en la homil\u00eda y estimular a la Orden a que presente la postulaci\u00f3n. Los palotinos lo hicieron pero el proceso, sin embargo, se detuvo. La segunda aprobaci\u00f3n debe darla la jefatura local de la Iglesia. Bergoglio sonde\u00f3 sin \u00e9xito a los obispos en dos consultas, en 2009 y 2011, dicen en la congregaci\u00f3n. Y Poli todav\u00eda no abri\u00f3 esa consulta.<\/p>\n<p>El reclamo de ayer y la in\u00e9dita presencia de obispos que los palotinos lograron convocar a su iglesia busc\u00f3 mostrar ante el Arzobispado el consenso para que lo haga.<\/p>\n<p>En ese escenario apareci\u00f3 el espacio para el segundo reclamo, esta vez empujado por la comunidad y sobre todo de parte de los j\u00f3venes que no s\u00f3lo piden el reconocimiento celestial, sino que la Orden termine de firmar los poderes para presentarse como querellante en la causa penal dentro de la justicia terrestre.<\/p>\n<p>Entre los obispos hubo presencias estelares para ese juego de fuerzas. Carlos Malfa, secretario general de la Conferencia Episcopal Argentina, Jorge Lozano, obispo de Gualeguaych\u00fa y presidente de la Pastoral Social, que durante el d\u00eda dijo que la causa de los palotinos est\u00e1 viva y en marcha. Estuvo Oscar Ojea, obispo de San Isidro y presidente de C\u00e1ritas. Tambi\u00e9n estuvieron los sacerdotes m\u00e1s cercanos al Papa, como Jos\u00e9 \u201cPepe\u201d Di Paola. Y tambi\u00e9n estuvieron los palotinos, con representantes de todas las comunidades del pa\u00eds. Entre ellos, Jerem\u00edas Murphy, provincial de la Orden; Juan Sebasti\u00e1n Velasco, postulador de la causa, y Rodolfo Capalozza, sacerdote y sobreviviente.<\/p>\n<p>A unos y a otros iban dirigidos los mensajes que los que estaban all\u00ed daban con su sola presencia. Gast\u00f3n Barletti esper\u00f3 desde temprano el ingreso. Hermano de Jos\u00e9 Barletti, uno de los dos seminaristas asesinados, hace dos a\u00f1os logr\u00f3 presentarse por su propia b\u00fasqueda en la causa judicial ahora en manos del juez Sergio Torres, a cargo de la megacausa ESMA, uno de los espacios de la dictadura de donde se sospecha que salieron parte de los ejecutores de la masacre. La madre de Barletti esperaba en un auto. El, mientras tanto, dec\u00eda con \u00e9nfasis que logr\u00f3 presentarse como querellante. Es el \u00fanico de los familiares que abri\u00f3 hasta aqu\u00ed ese camino. \u201cSon muchos a\u00f1os o muy pocos seg\u00fan lo que hayamos aprendido\u201d, dijo un d\u00eda antes, cuando comenz\u00f3 la caminata que simb\u00f3licamente parti\u00f3 de la ex ESMA hacia San Patricio. \u201cEl Grupo de Tareas ejecut\u00f3 la orden sobre cinco personas armadas s\u00f3lo con la palabra del Evangelio que fueron entregados por la sospecha, las calumnias que habitaban cerca de ellos\u201d. Dijo, m\u00e1s claramente que Poli, que ellos trabajaron en las villas, que eso era considerado \u201cpeligroso y hasta subversivo\u201d. Que como parte de sus condenas \u201cfueron negados tres veces\u201d: por sus hermanos de la comunidad, por la Iglesia y tambi\u00e9n por algunos integrantes de la Orden. Y reclam\u00f3: \u201cSi hoy despu\u00e9s de cuarenta a\u00f1os no ponemos toda nuestra energ\u00eda, los seguiremos negando, creo que la autoridades de la Iglesia palotina y de la Iglesia, esto lo saben\u201d.<\/p>\n<p>Rolando Savino tuvo a cargo anoche las sinfon\u00edas del \u00f3rgano de la celebraci\u00f3n, el \u201corganista\u201d, como se llama a s\u00ed mismo, primer testigo del crimen ocurrido el 4 de julio de 1976. \u201cEn la Iglesia estamos los mismos que en la calle\u201d, dijo, sentado sobre uno de los bancos Fernando Gonz\u00e1lez, uno de los docentes de la comunidad. \u201cHay algo de desaz\u00f3n en todo esto porque reci\u00e9n ahora salimos a la calle, pero por otro lado esto tambi\u00e9n es un gran logro y un gran triunfo. A la convocatoria se incorpor\u00f3 gente en un barrio que es m\u00e1s ritualista que participativo. Muchos se acercaron a preguntar, pero tambi\u00e9n esto es culpa nuestra, porque por muchos a\u00f1os esto se celebr\u00f3 s\u00f3lo puertas adentro de la Iglesia\u201d.<\/p>\n<p>\u201c\u00bfNo me diga que ahora todo esto se puede reabrir por la imprescriptibilidad?\u201d, pregunt\u00f3 sorprendida a An\u00edbal Ibarra una anciana abogada del barrio. Ester N\u00e9lida Gonz\u00e1lez dice que para entonces tambi\u00e9n viv\u00eda en ese barrio entre Belgrano y Urquiza. Cree que \u201cobviamente los responsables, por la edad, seguro ya no van a estar m\u00e1s. Pero ojala \u2013sigue\u2013 que todo esto pueda seguir. Como ser humano ac\u00e1 uno sabe que hay cosas que no se pueden hacer. Y usted piense que en el barrio dijeron de todo. De todo. Y que todav\u00eda hay gente que dice que no son tantos los desaparecidos\u201d.<\/p>\n<p>P\u00e9rez Esquivel dijo venir a honrar a los m\u00e1rtires de la Iglesia. \u201cLos m\u00e1rtires son semillas de vida, dieron testimonio de vida, frente a lo que estaba viviendo el pa\u00eds, como tantos otros. Ellos tienen una presencia muy fuerte en la vida del pueblo. Hay que tratar de llegar a la verdad y la justicia ahora para que estos cr\u00edmenes no queden en la impunidad\u201d.<\/p>\n<p>Los sobrinos de Alfie Kelly se acercaron tambi\u00e9n a agradecerle a Ibarra. Una se\u00f1ora le regal\u00f3 un libro de Angelelli. Ibarra habl\u00f3 r\u00e1pido de c\u00f3mo el nuncio Pio Laghi y el cardenal arzobispo Juan Carlos Aramburu, inmediatamente despu\u00e9s de la masacre, llegaron a la Iglesia. De c\u00f3mo el sacerdote Efra\u00edn Sueldo Luque empez\u00f3 a investigar. De c\u00f3mo Laghi y Aramburu supieron r\u00e1pido qui\u00e9nes fueron los autores y c\u00f3mo guardaron silencio en complicidad con los militares.<\/p>\n<p>\u201cEsto que est\u00e1 pasando ahora es maravilloso\u201d, dijo una sobrina de Kelly el d\u00eda anterior. \u201cReci\u00e9n se lo dec\u00eda a los chicos que vi pasar con la imagen de Angelelli y de los curas de Chamical: es realmente conmovedor ver esto, porque es una oportunidad de mostrar que ellos pensaban en un mundo mejor y que este mundo mejor es posible en la medida que estas cosas puedan pasar. Y en la medida en que haya memoria. Que se busquen la verdad y la justicia\u201d.<\/p>\n<p>En la iglesia, el organista hizo sonar el Creo.<\/p>\n<h6>Fuente: P\u00e1gina 12<\/h6>\n","protected":false},"excerpt":{"rendered":"<p>Obispos y otras autoridades eclesi\u00e1sticas, familiares, amigos y funcionarios recordaron a las v\u00edctimas de la masacre. <\/p>\n","protected":false},"author":2,"featured_media":50469,"comment_status":"closed","ping_status":"closed","sticky":false,"template":"","format":"standard","meta":{"footnotes":""},"categories":[8],"tags":[21],"class_list":["post-50468","post","type-post","status-publish","format-standard","has-post-thumbnail","hentry","category-informe-nacional","tag-argentina"],"_links":{"self":[{"href":"http:\/\/argentinamunicipal.com.ar\/argentina\/wp-json\/wp\/v2\/posts\/50468","targetHints":{"allow":["GET"]}}],"collection":[{"href":"http:\/\/argentinamunicipal.com.ar\/argentina\/wp-json\/wp\/v2\/posts"}],"about":[{"href":"http:\/\/argentinamunicipal.com.ar\/argentina\/wp-json\/wp\/v2\/types\/post"}],"author":[{"embeddable":true,"href":"http:\/\/argentinamunicipal.com.ar\/argentina\/wp-json\/wp\/v2\/users\/2"}],"replies":[{"embeddable":true,"href":"http:\/\/argentinamunicipal.com.ar\/argentina\/wp-json\/wp\/v2\/comments?post=50468"}],"version-history":[{"count":0,"href":"http:\/\/argentinamunicipal.com.ar\/argentina\/wp-json\/wp\/v2\/posts\/50468\/revisions"}],"wp:featuredmedia":[{"embeddable":true,"href":"http:\/\/argentinamunicipal.com.ar\/argentina\/wp-json\/wp\/v2\/media\/50469"}],"wp:attachment":[{"href":"http:\/\/argentinamunicipal.com.ar\/argentina\/wp-json\/wp\/v2\/media?parent=50468"}],"wp:term":[{"taxonomy":"category","embeddable":true,"href":"http:\/\/argentinamunicipal.com.ar\/argentina\/wp-json\/wp\/v2\/categories?post=50468"},{"taxonomy":"post_tag","embeddable":true,"href":"http:\/\/argentinamunicipal.com.ar\/argentina\/wp-json\/wp\/v2\/tags?post=50468"}],"curies":[{"name":"wp","href":"https:\/\/api.w.org\/{rel}","templated":true}]}}