{"id":50480,"date":"2016-07-05T08:32:30","date_gmt":"2016-07-05T11:32:30","guid":{"rendered":"http:\/\/argentinamunicipal.com.ar\/argentina\/?p=50480"},"modified":"2016-07-05T08:32:30","modified_gmt":"2016-07-05T11:32:30","slug":"maria-juana-increible-pueblo-enfermo-cancer-se-fumigue-100-metros","status":"publish","type":"post","link":"http:\/\/argentinamunicipal.com.ar\/argentina\/maria-juana-increible-pueblo-enfermo-cancer-se-fumigue-100-metros\/","title":{"rendered":"Mar\u00eda Juana: \u00abEs incre\u00edble que en un pueblo enfermo de c\u00e1ncer se fumigue a 100 metros\u00bb"},"content":{"rendered":"<p>El m\u00e9dico neonat\u00f3logo Medardo Avila V\u00e1zquez objet\u00f3 la ausencia de restricciones a los agroqu\u00edmicos en Mar\u00eda Juana.<\/p>\n<p>\u00abEs incre\u00edble que exista, en esta localidad enferma de c\u00e1ncer, una restricci\u00f3n de s\u00f3lo 100 metros para la aspersi\u00f3n de agroqu\u00edmicos. Como tambi\u00e9n es incre\u00edble que sean capaces de mirar a la cara a las familias que todos los a\u00f1os tienen enfermos de c\u00e1ncer, sin tomar las medidas que se pueden adoptar\u00bb, se indign\u00f3 el m\u00e9dico pediatra, neonat\u00f3logo e investigador, Medardo Avila V\u00e1zquez. La frase fue una contundente se\u00f1al de demanda de acciones concretas que permitan minimizar el impacto que claramente la comunidad de Mar\u00eda Juana sufre por la aspersi\u00f3n de agroqu\u00edmicos en la periferia de la planta urbana, el funcionamiento de acopios de cereales y el transporte de los mismos en el pueblo.<\/p>\n<p>\u00abNo se est\u00e1n tomando las medidas necesarias; parece que las autoridades comunales est\u00e1n mirando para otro lado cuando la situaci\u00f3n est\u00e1 muy seria\u00bb, esgrimi\u00f3 Avila V\u00e1zquez, y argument\u00f3 que \u00abse esperaban 30 y resultaron 80 los casos de c\u00e1ncer en el per\u00edodo estudiado 2011-2014\u00bb en esta localidad del departamento Castellanos, donde el s\u00e1bado \u00faltimo analiz\u00f3 los resultados obtenidos por el Campamento Sanitario realizado por la Universidad Nacional de Rosario en esa poblaci\u00f3n. Seg\u00fan el mismo se observaron en la comunidad \u00edndices que superan por m\u00e1s del doble la media del resto del pa\u00eds.<\/p>\n<p>Ante un numeroso auditorio, el especialista tambi\u00e9n analiz\u00f3 y compar\u00f3 los datos que obtuvo cuando dirigi\u00f3 el relevamiento realizado en Monte Ma\u00edz, C\u00f3rdoba, y destac\u00f3 las similitudes que encontr\u00f3 con los de Mar\u00eda Juana.<\/p>\n<p>En ese marco, se mostr\u00f3 sorprendido por la pasividad con que fueron recibidos en Mar\u00eda Juana, situaci\u00f3n que contrast\u00f3 con el revuelo que provoc\u00f3 en la localidad cordobesa la difusi\u00f3n de los \u00edndices de enfermos de c\u00e1ncer donde, luego de conocer las estad\u00edsticas, las autoridades se colocaron al frente de las demandas de los vecinos para intentar menguar el tr\u00e1gico impacto. En esa l\u00ednea, luego trazaron un programa de saneamiento que, entre otras medidas, comenz\u00f3 por proponer una ordenanza que aleja las fumigaciones terrestres a unos mil metros de la planta urbana.<\/p>\n<p>Dram\u00e1ticas. La visibilizaci\u00f3n de estad\u00edsticas dram\u00e1ticas, constatadas en diversas localidades de la zona agr\u00edcola de Argentina que comparten una alta exposici\u00f3n a agroqu\u00edmicos, produjo una mezcla de estupor e indignaci\u00f3n. \u00abTambi\u00e9n comparten tasas sobreelevadas de otros problemas de salud as\u00ed como factores de contaminaci\u00f3n\u00bb, asegur\u00f3 Avila V\u00e1zquez.<\/p>\n<p>\u00abLa volatilizaci\u00f3n de polvo y cascarilla de cereales, tan caracter\u00edsticos y visibles en cercan\u00eda de plantas de silos y de zonas de tr\u00e1nsito de camiones cargados con granos, tambi\u00e9n fueron objeto de examen en Monte Ma\u00edz\u00bb, relat\u00f3 el m\u00e9dico y a\u00f1adi\u00f3 que \u00ablos resultados mostraron altas concentraciones de plaguicidas, encabezadas por el m\u00e1s usado y conocido glifosato, probable cancer\u00edgeno humano de acuerdo a la clasificaci\u00f3n de la Organizaci\u00f3n Mundial de la Salud\u00bb.<\/p>\n<p>A su turno, el abogado Dar\u00edo Avila, uno de los gestores jur\u00eddicos del emblem\u00e1tico caso del barrio cordob\u00e9s Ituzaing\u00f3 Anexo, realiz\u00f3 una exposici\u00f3n t\u00e9cnica sobre diversos abordajes jur\u00eddicos y destac\u00f3 puntos centrales como la jerarqu\u00eda suprema del derecho constitucional a la salud y a la vida, por encima de cualquier otro, como el de comerciar, el de propiedad o incluso el derecho al trabajo. \u00abEs ocioso recordar que los \u00faltimos \u00fanicamente podr\u00e1n ejercerse si est\u00e1n garantizados los primeros\u00bb, argument\u00f3.<\/p>\n<p>Como integrante del p\u00fablico se encontraba la abogada especializada en derecho ambiental Maria Eugenia Boccio, quien tuvo a su cargo la confecci\u00f3n de la ordenanza que prohibi\u00f3 las aspersiones a\u00e9reas en Mar\u00eda Juana \u2014sobre cuya peligrosidad extrema se explay\u00f3 Avila V\u00e1zquez\u2014, quien relat\u00f3 detalles de la demanda que acaba de presentar para la localidad de Piamonte, entre las que se cuenta, tambi\u00e9n, la petici\u00f3n urgente de detener las fumigaciones terrestres a menos de mil metros de las viviendas y escuelas.<\/p>\n<p>Sobre el final se desarroll\u00f3 un debate e intercambio de opiniones y posibles alternativas, luego del cual los presentes coincidieron en la necesidad de asumir la gravedad de la emergencia sanitaria, luego adoptar y exigir las medidas urgentes que la misma exige. En concordancia con la indiferencia que detect\u00f3 Avila V\u00e1zquez en relaci\u00f3n a la crisis sanitaria, tanto las autoridades comunales locales como de poblaciones vecinas no asistieron al encuentro.<\/p>\n<h6>Fuente: La Capital Rosario<\/h6>\n","protected":false},"excerpt":{"rendered":"<p>El m\u00e9dico neonat\u00f3logo Medardo Avila V\u00e1zquez objet\u00f3 la ausencia de restricciones a los agroqu\u00edmicos en Mar\u00eda Juana.<\/p>\n","protected":false},"author":2,"featured_media":50481,"comment_status":"closed","ping_status":"closed","sticky":false,"template":"","format":"standard","meta":{"footnotes":""},"categories":[2],"tags":[10],"class_list":["post-50480","post","type-post","status-publish","format-standard","has-post-thumbnail","hentry","category-informe-municipal","tag-santa-fe"],"_links":{"self":[{"href":"http:\/\/argentinamunicipal.com.ar\/argentina\/wp-json\/wp\/v2\/posts\/50480","targetHints":{"allow":["GET"]}}],"collection":[{"href":"http:\/\/argentinamunicipal.com.ar\/argentina\/wp-json\/wp\/v2\/posts"}],"about":[{"href":"http:\/\/argentinamunicipal.com.ar\/argentina\/wp-json\/wp\/v2\/types\/post"}],"author":[{"embeddable":true,"href":"http:\/\/argentinamunicipal.com.ar\/argentina\/wp-json\/wp\/v2\/users\/2"}],"replies":[{"embeddable":true,"href":"http:\/\/argentinamunicipal.com.ar\/argentina\/wp-json\/wp\/v2\/comments?post=50480"}],"version-history":[{"count":0,"href":"http:\/\/argentinamunicipal.com.ar\/argentina\/wp-json\/wp\/v2\/posts\/50480\/revisions"}],"wp:featuredmedia":[{"embeddable":true,"href":"http:\/\/argentinamunicipal.com.ar\/argentina\/wp-json\/wp\/v2\/media\/50481"}],"wp:attachment":[{"href":"http:\/\/argentinamunicipal.com.ar\/argentina\/wp-json\/wp\/v2\/media?parent=50480"}],"wp:term":[{"taxonomy":"category","embeddable":true,"href":"http:\/\/argentinamunicipal.com.ar\/argentina\/wp-json\/wp\/v2\/categories?post=50480"},{"taxonomy":"post_tag","embeddable":true,"href":"http:\/\/argentinamunicipal.com.ar\/argentina\/wp-json\/wp\/v2\/tags?post=50480"}],"curies":[{"name":"wp","href":"https:\/\/api.w.org\/{rel}","templated":true}]}}