{"id":50489,"date":"2016-07-05T05:40:12","date_gmt":"2016-07-05T08:40:12","guid":{"rendered":"http:\/\/argentinamunicipal.com.ar\/argentina\/?p=50489"},"modified":"2016-07-05T08:43:51","modified_gmt":"2016-07-05T11:43:51","slug":"ampliaran-la-red-gas-natural-chajari-beneficiara-535-hogares","status":"publish","type":"post","link":"http:\/\/argentinamunicipal.com.ar\/argentina\/ampliaran-la-red-gas-natural-chajari-beneficiara-535-hogares\/","title":{"rendered":"Ampliar\u00e1n la red de gas natural en Chajar\u00ed que beneficiar\u00e1 a 535 hogares"},"content":{"rendered":"<p>El gobernador Gustavo Bordet firm\u00f3 este lunes el contrato para iniciar la obra de ampliaci\u00f3n de la red de gas natural para Chajar\u00ed \u2022 La inversi\u00f3n supera los 8,5 millones de pesos y beneficiar\u00e1 a unos 535 usuarios potenciales \u2022 El intendente Pedro Galimberti dijo que es \u00abuna obra sumamente importante y muy demandada por los vecinos de la ciudad\u201d<\/p>\n<p>El mandatario rubric\u00f3 con la empresa contratista Del Litoral S.A. el contrato para dar inicio a la obra de ampliaci\u00f3n de la red de gas natural de 9.600 metros de extensi\u00f3n.<\/p>\n<p>Tambi\u00e9n participaron el secretario de Energ\u00eda, Ra\u00fal Arroyo, y el director de Desarrollo Gas\u00edfero de la provincia, Alfredo Abalo.<\/p>\n<p>Luego de la firma, el intendente de Chajar\u00ed, Pedro Galimberti, dijo que se trata de \u00abuna obra sumamente importante y muy demandada por los vecinos de la ciudad. Estamos sumamente conformes\u00bb.<\/p>\n<p>El presidente municipal agreg\u00f3 que en 60 d\u00edas estar\u00e1 comenzando la obra y estim\u00f3 que a fin de a\u00f1o o comienzo del 2017 estar\u00eda finalizada.<\/p>\n<p>Finalmente, Galimberti coment\u00f3 que la idea es presentar \u00abun nuevo proyecto de ampliaci\u00f3n antes de fin de a\u00f1o para abastecer otra zona de la localidad\u00bb.<\/p>\n<p><strong>Detalles de la obra<\/strong><\/p>\n<p>Se trata de una ampliaci\u00f3n de la red de gas de 9.600 metros de extensi\u00f3n. El presupuesto oficial asciende a 8.444.000 pesos y abastecer\u00e1 a unos 535 usuarios potenciales.<\/p>\n<p>Actualmente la red de Chajar\u00ed tiene 111.000 metros para 6.500 usuarios y con esta obra se estar\u00e1 incorporar\u00e1 un nueve por ciento m\u00e1s de usuarios. Adem\u00e1s, est\u00e1 prevista una ampliaci\u00f3n de alrededor de 3.200 metros m\u00e1s.<\/p>\n<p>La empresa a cargo de la obra es Del Litoral S. A.<\/p>\n<h6>Fuente: Apf Digital<\/h6>\n","protected":false},"excerpt":{"rendered":"<p>El gobernador Gustavo Bordet firm\u00f3 este lunes el contrato para iniciar la obra de ampliaci\u00f3n de la red de gas natural para Chajar\u00ed \u2022 La inversi\u00f3n supera los 8,5 millones de pesos y beneficiar\u00e1 a unos 535 usuarios potenciales<\/p>\n","protected":false},"author":2,"featured_media":50490,"comment_status":"closed","ping_status":"closed","sticky":false,"template":"","format":"standard","meta":{"footnotes":""},"categories":[2],"tags":[17],"class_list":["post-50489","post","type-post","status-publish","format-standard","has-post-thumbnail","hentry","category-informe-municipal","tag-entre-rios"],"_links":{"self":[{"href":"http:\/\/argentinamunicipal.com.ar\/argentina\/wp-json\/wp\/v2\/posts\/50489","targetHints":{"allow":["GET"]}}],"collection":[{"href":"http:\/\/argentinamunicipal.com.ar\/argentina\/wp-json\/wp\/v2\/posts"}],"about":[{"href":"http:\/\/argentinamunicipal.com.ar\/argentina\/wp-json\/wp\/v2\/types\/post"}],"author":[{"embeddable":true,"href":"http:\/\/argentinamunicipal.com.ar\/argentina\/wp-json\/wp\/v2\/users\/2"}],"replies":[{"embeddable":true,"href":"http:\/\/argentinamunicipal.com.ar\/argentina\/wp-json\/wp\/v2\/comments?post=50489"}],"version-history":[{"count":0,"href":"http:\/\/argentinamunicipal.com.ar\/argentina\/wp-json\/wp\/v2\/posts\/50489\/revisions"}],"wp:featuredmedia":[{"embeddable":true,"href":"http:\/\/argentinamunicipal.com.ar\/argentina\/wp-json\/wp\/v2\/media\/50490"}],"wp:attachment":[{"href":"http:\/\/argentinamunicipal.com.ar\/argentina\/wp-json\/wp\/v2\/media?parent=50489"}],"wp:term":[{"taxonomy":"category","embeddable":true,"href":"http:\/\/argentinamunicipal.com.ar\/argentina\/wp-json\/wp\/v2\/categories?post=50489"},{"taxonomy":"post_tag","embeddable":true,"href":"http:\/\/argentinamunicipal.com.ar\/argentina\/wp-json\/wp\/v2\/tags?post=50489"}],"curies":[{"name":"wp","href":"https:\/\/api.w.org\/{rel}","templated":true}]}}