{"id":50501,"date":"2016-07-06T06:36:16","date_gmt":"2016-07-06T09:36:16","guid":{"rendered":"http:\/\/argentinamunicipal.com.ar\/argentina\/?p=50501"},"modified":"2016-07-06T06:36:16","modified_gmt":"2016-07-06T09:36:16","slug":"50501-2","status":"publish","type":"post","link":"http:\/\/argentinamunicipal.com.ar\/argentina\/50501-2\/","title":{"rendered":"Reaparece el proyecto para dividir a La Matanza en cuatro municipios"},"content":{"rendered":"<p>Dirigentes de Cambiemos est\u00e1n analizando con seriedad la posibilidad de dividir al municipio m\u00e1s populoso de la Provincia. Mar\u00eda Eugenia Vidal y Margerita Stolbizer ser\u00edan quienes impulsen la medida. Ya hubo en el pasado varios proyectos que no prosperaron.<\/p>\n<p>Analizan seriamente dar curso al debate parlamentario para dividir a La Matanza en cuatro distritos, con el objetivo de neutralizar al peronismo \u00abagresivo\u00bb y lograr un mayor \u00abcontrol social\u00bb ante eventuales focos de conflictos.<\/p>\n<p>\u00abEstamos estudiando si la divisi\u00f3n en cuatro distritos es viable; el proyecto est\u00e1 en Comisi\u00f3n, se aprueba con mayor\u00eda simple y hay no menos de 25 legisladores empujando el tema\u00bb, dijeron desde Cambiemos a Dyn.<\/p>\n<p>Ser\u00eda una iniciativa del Gen, espacio que conduce a nivel nacional Margarita Stolbizer, y ser\u00eda apoyada por todo el arco gobernante bonaerense.<\/p>\n<h6>Fuente: La Noticia 1.com<\/h6>\n","protected":false},"excerpt":{"rendered":"<p>Dirigentes de Cambiemos est\u00e1n analizando con seriedad la posibilidad de dividir al municipio m\u00e1s populoso de la Provincia. Mar\u00eda Eugenia Vidal y Margerita Stolbizer ser\u00edan quienes impulsen la medida.<\/p>\n","protected":false},"author":2,"featured_media":50502,"comment_status":"closed","ping_status":"closed","sticky":false,"template":"","format":"standard","meta":{"footnotes":""},"categories":[2],"tags":[12],"class_list":["post-50501","post","type-post","status-publish","format-standard","has-post-thumbnail","hentry","category-informe-municipal","tag-buenos-aires"],"_links":{"self":[{"href":"http:\/\/argentinamunicipal.com.ar\/argentina\/wp-json\/wp\/v2\/posts\/50501","targetHints":{"allow":["GET"]}}],"collection":[{"href":"http:\/\/argentinamunicipal.com.ar\/argentina\/wp-json\/wp\/v2\/posts"}],"about":[{"href":"http:\/\/argentinamunicipal.com.ar\/argentina\/wp-json\/wp\/v2\/types\/post"}],"author":[{"embeddable":true,"href":"http:\/\/argentinamunicipal.com.ar\/argentina\/wp-json\/wp\/v2\/users\/2"}],"replies":[{"embeddable":true,"href":"http:\/\/argentinamunicipal.com.ar\/argentina\/wp-json\/wp\/v2\/comments?post=50501"}],"version-history":[{"count":0,"href":"http:\/\/argentinamunicipal.com.ar\/argentina\/wp-json\/wp\/v2\/posts\/50501\/revisions"}],"wp:featuredmedia":[{"embeddable":true,"href":"http:\/\/argentinamunicipal.com.ar\/argentina\/wp-json\/wp\/v2\/media\/50502"}],"wp:attachment":[{"href":"http:\/\/argentinamunicipal.com.ar\/argentina\/wp-json\/wp\/v2\/media?parent=50501"}],"wp:term":[{"taxonomy":"category","embeddable":true,"href":"http:\/\/argentinamunicipal.com.ar\/argentina\/wp-json\/wp\/v2\/categories?post=50501"},{"taxonomy":"post_tag","embeddable":true,"href":"http:\/\/argentinamunicipal.com.ar\/argentina\/wp-json\/wp\/v2\/tags?post=50501"}],"curies":[{"name":"wp","href":"https:\/\/api.w.org\/{rel}","templated":true}]}}