{"id":50513,"date":"2016-07-06T06:52:45","date_gmt":"2016-07-06T09:52:45","guid":{"rendered":"http:\/\/argentinamunicipal.com.ar\/argentina\/?p=50513"},"modified":"2016-07-06T06:52:45","modified_gmt":"2016-07-06T09:52:45","slug":"la-plata-municipio-intentara-cobrarle-impuestos-los-bancos-la-cola-los-cajeros-automaticos","status":"publish","type":"post","link":"http:\/\/argentinamunicipal.com.ar\/argentina\/la-plata-municipio-intentara-cobrarle-impuestos-los-bancos-la-cola-los-cajeros-automaticos\/","title":{"rendered":"La Plata: El Municipio intentar\u00e1 cobrarle impuestos a los bancos por la \u201ccola\u201d en los cajeros autom\u00e1ticos"},"content":{"rendered":"<p>El ejecutivo municipal envi\u00f3 un proyecto de reforma del sistema de tasas que establece un canon a aquellas entidades financieras que hagan uso del espacio p\u00fablico, como por ejemplo la conformaci\u00f3n de las filas bancarias.<\/p>\n<p>Con la necesidad de actualizar las partidas impositivas, el intendente platense, Julio Garro, enviar\u00e1 un proyecto de reforma de la ordenanza que regula los valores de las tasas municipales.<\/p>\n<p>Entre los puntos sobresalientes, m\u00e1s all\u00e1 de la actualizaci\u00f3n de los montos en general, se encuentra la posibilidad de que la comuna empiece a cobrarle un canon a los establecimientos bancarios que hacen uso de la v\u00eda p\u00fablica, como por ejemplo la ocupaci\u00f3n de parte de la vereda donde se ubican las filas de espera.<\/p>\n<p>\u201cEsta tasa afectar\u00eda a aquellas entidades bancarias y financiera donde prestan el servicio lo prestan con la utilizaci\u00f3n del espacio p\u00fablico\u201d, confirm\u00f3 Horacio Prada, el Titular de la Agencia Platense de Recaudaci\u00f3n (APR).<\/p>\n<p>Por otra parte, el funcionario anunci\u00f3 otra cargo impositiva, en este caso para las empresas constructoras: \u201cSe propone conformar una tasa por control de calidad de obra en la v\u00eda publica, que ser\u00edan las obras que se hacen en las veredas y requiere cierta intervenci\u00f3n del espacio municipal. Se le va a cobrar previo a empezar la obra y le permite al municipio tener un control de las mismas y hacer un seguimiento de las obras\u201d.<\/p>\n<h6>Fuente: InfoCielo<\/h6>\n","protected":false},"excerpt":{"rendered":"<p>El ejecutivo municipal envi\u00f3 un proyecto de reforma del sistema de tasas que establece un canon a aquellas entidades financieras que hagan uso del espacio p\u00fablico, como por ejemplo la conformaci\u00f3n de las filas bancarias.<\/p>\n","protected":false},"author":2,"featured_media":50514,"comment_status":"closed","ping_status":"closed","sticky":false,"template":"","format":"standard","meta":{"footnotes":""},"categories":[2],"tags":[12],"class_list":["post-50513","post","type-post","status-publish","format-standard","has-post-thumbnail","hentry","category-informe-municipal","tag-buenos-aires"],"_links":{"self":[{"href":"http:\/\/argentinamunicipal.com.ar\/argentina\/wp-json\/wp\/v2\/posts\/50513","targetHints":{"allow":["GET"]}}],"collection":[{"href":"http:\/\/argentinamunicipal.com.ar\/argentina\/wp-json\/wp\/v2\/posts"}],"about":[{"href":"http:\/\/argentinamunicipal.com.ar\/argentina\/wp-json\/wp\/v2\/types\/post"}],"author":[{"embeddable":true,"href":"http:\/\/argentinamunicipal.com.ar\/argentina\/wp-json\/wp\/v2\/users\/2"}],"replies":[{"embeddable":true,"href":"http:\/\/argentinamunicipal.com.ar\/argentina\/wp-json\/wp\/v2\/comments?post=50513"}],"version-history":[{"count":0,"href":"http:\/\/argentinamunicipal.com.ar\/argentina\/wp-json\/wp\/v2\/posts\/50513\/revisions"}],"wp:featuredmedia":[{"embeddable":true,"href":"http:\/\/argentinamunicipal.com.ar\/argentina\/wp-json\/wp\/v2\/media\/50514"}],"wp:attachment":[{"href":"http:\/\/argentinamunicipal.com.ar\/argentina\/wp-json\/wp\/v2\/media?parent=50513"}],"wp:term":[{"taxonomy":"category","embeddable":true,"href":"http:\/\/argentinamunicipal.com.ar\/argentina\/wp-json\/wp\/v2\/categories?post=50513"},{"taxonomy":"post_tag","embeddable":true,"href":"http:\/\/argentinamunicipal.com.ar\/argentina\/wp-json\/wp\/v2\/tags?post=50513"}],"curies":[{"name":"wp","href":"https:\/\/api.w.org\/{rel}","templated":true}]}}