{"id":50528,"date":"2016-07-06T05:15:45","date_gmt":"2016-07-06T08:15:45","guid":{"rendered":"http:\/\/argentinamunicipal.com.ar\/argentina\/?p=50528"},"modified":"2016-07-06T07:17:26","modified_gmt":"2016-07-06T10:17:26","slug":"acuerdan-construir-630-casas-trabajadores-rosarinos","status":"publish","type":"post","link":"http:\/\/argentinamunicipal.com.ar\/argentina\/acuerdan-construir-630-casas-trabajadores-rosarinos\/","title":{"rendered":"Acuerdan construir 630 casas para trabajadores rosarinos"},"content":{"rendered":"<p>El gobernador Lifschitz firm\u00f3 ayer un acuerdo con el ministro del Interior, Rogelio Frigerio. Las viviendas estar\u00e1n terminadas en un a\u00f1o.<\/p>\n<p>El que persevera, triunfa. Durante el semestre que termin\u00f3, Miguel Lifschitz hab\u00eda ido muchas veces a la Casa Rosada para escuchar promesas. Pero ayer, por primera vez, trajo realidades. El gobernador de Santa Fe firm\u00f3 con la administraci\u00f3n macrista un convenio importante para Santa Fe: la construcci\u00f3n de 630 viviendas familiares que se realizar\u00e1n en Rosario durante los pr\u00f3ximos 12 meses. Ser\u00e1 en la denominada Urbanizaci\u00f3n Ibarlucea, conocida tambi\u00e9n como Zona Cero, en el noroeste de la ciudad, entre la autopista a Santa Fe y la ruta 34, y de avenida de Circunvalaci\u00f3n hacia el oeste.<\/p>\n<p>Las viviendas de dos dormitorios, 56 metros cuadrados, ir\u00e1n plantadas sobre terrenos de entre 175 y 250 metros cuadrados. A\u00fan no tienen destinatarios con nombre y apellido, aunque s\u00ed se estableci\u00f3 el perfil socioecon\u00f3mico: \u00abSer\u00e1n para familias de trabajadores\u00bb, anticip\u00f3 ayer el gobernador a La Capital, en el Patio de las Palmeras de la Casa Rosada, minutos despu\u00e9s de concluir la reuni\u00f3n con el ministro del Interior, Rogelio Frigerio.<\/p>\n<p>Las casas de \u00abbuena calidad\u00bb ser\u00e1n asignadas \u00abde acuerdo a las prioridades que establezca la direcci\u00f3n provincial encargada de la vivienda\u00bb, abund\u00f3 Lifschitz.<\/p>\n<p>El proyecto que fue dividido en siete sectores, y ya fue licitado y adjudicado a cuatro empresas distintas, implicar\u00e1 una inversi\u00f3n de unos 660 millones de pesos, de los cuales 430 millones los aportar\u00e1 la naci\u00f3n, y otros 230 estar\u00e1n a cargo de la provincia de Santa Fe.<\/p>\n<p>Las obras comenzar\u00e1n en los pr\u00f3ximos 30 d\u00edas. Las cuotas ser\u00e1n razonables y acorde a los ingresos de los beneficiarios, aunque no ser\u00e1n de un valor nominal fijo (y as\u00ed evitar que con el tiempo se convierta en un valor insignificante); se actualizar\u00e1n con un \u00edndice de la construcci\u00f3n. El cr\u00e9dito ser\u00e1 hasta 30 a\u00f1os y sin inter\u00e9s.<\/p>\n<p>Lifschitz celebr\u00f3 ayer el primer convenio firmado con la administraci\u00f3n Macri, explic\u00f3 que se trata de un proyecto iniciado y (ahora) puesto en marcha \u00edntegramente durante 2016, y que \u00abun primer paso, porque estimamos que vamos a firmar nuevos convenios en lo sucesivo\u00bb, proyect\u00f3.<\/p>\n<p>Con las 630 viviendas que, de cumplirse los plazos, en el invierno de 2017 tendr\u00e1n a sus beneficiarios habit\u00e1ndolas, se completa toda el \u00e1rea de la denominada Zona Cero que implica un total de unas 3.000 mil viviendas.<\/p>\n<p>Disponibilidad. Por otra parte, Lifschitz explic\u00f3 que Rosario (y ciudades vecinas como Villa Gobernandor G\u00e1lvez) cuentan con terrenos disponibles para nuevas viviendas y que se est\u00e1n trabajando los proyectos en ese sentido.<\/p>\n<p>La soluci\u00f3n habitacional, siempre seg\u00fan coment\u00f3 el gobernador, se abordar\u00e1 con \u00abestrategias m\u00faltiples. Hay familias que cuentan con un lote propio y acceden a un cr\u00e9dito hipotecario, Procrear o alguna de las nuevas modalidades que impulsa el gobierno nacional; o con canasta de materiales para autoconstrucci\u00f3n; tambi\u00e9n en acuerdos con gremios en un criterio de esfuerzo compartido, donde la provincia hace un aporte, y el resto lo hace el propio beneficiario\u00bb.<\/p>\n<p>Los tiempos de realizaci\u00f3n de la obra p\u00fablica en la Argentina suelen estar acechados por la inflaci\u00f3n, el aumento de los costos, y los retrasos en la redeterminaci\u00f3n de los valores a pagar por el Estado a las empresas que ejecutan. Para despejar esas dudas, Lucas Crivelli, Director provincial de Vivienda y Urbanismo, que ayer se sent\u00f3 en la mesa con Frigerio, acompa\u00f1ando a Lisfchtiz, explic\u00f3: \u00aben la provincia tenemos una ley de redeterminaci\u00f3n de precios para la obra p\u00fablica; cada tres meses o cuando el \u00edndice de la construcci\u00f3n llega al 5 por ciento, se aplica el nuevo valor\u00bb.<\/p>\n<p>Seg\u00fan adelant\u00f3 Frigerio, el gobierno nacional estar\u00eda trabajando en su propia ley de redeterminaci\u00f3n de precios. \u00abEso nos va a permitir recuperar los montos de actualizaci\u00f3n que la provincia de Santa Fe le pague a los contratistas por la inflaci\u00f3n\u00bb, agreg\u00f3 Crivelli.<\/p>\n<h6>Fuente: La Capital Rosario<\/h6>\n","protected":false},"excerpt":{"rendered":"<p>El gobernador Lifschitz firm\u00f3 ayer un acuerdo con el ministro del Interior, Rogelio Frigerio. Las viviendas estar\u00e1n terminadas en un a\u00f1o.<\/p>\n","protected":false},"author":2,"featured_media":50529,"comment_status":"closed","ping_status":"closed","sticky":false,"template":"","format":"standard","meta":{"footnotes":""},"categories":[2],"tags":[10],"class_list":["post-50528","post","type-post","status-publish","format-standard","has-post-thumbnail","hentry","category-informe-municipal","tag-santa-fe"],"_links":{"self":[{"href":"http:\/\/argentinamunicipal.com.ar\/argentina\/wp-json\/wp\/v2\/posts\/50528","targetHints":{"allow":["GET"]}}],"collection":[{"href":"http:\/\/argentinamunicipal.com.ar\/argentina\/wp-json\/wp\/v2\/posts"}],"about":[{"href":"http:\/\/argentinamunicipal.com.ar\/argentina\/wp-json\/wp\/v2\/types\/post"}],"author":[{"embeddable":true,"href":"http:\/\/argentinamunicipal.com.ar\/argentina\/wp-json\/wp\/v2\/users\/2"}],"replies":[{"embeddable":true,"href":"http:\/\/argentinamunicipal.com.ar\/argentina\/wp-json\/wp\/v2\/comments?post=50528"}],"version-history":[{"count":0,"href":"http:\/\/argentinamunicipal.com.ar\/argentina\/wp-json\/wp\/v2\/posts\/50528\/revisions"}],"wp:featuredmedia":[{"embeddable":true,"href":"http:\/\/argentinamunicipal.com.ar\/argentina\/wp-json\/wp\/v2\/media\/50529"}],"wp:attachment":[{"href":"http:\/\/argentinamunicipal.com.ar\/argentina\/wp-json\/wp\/v2\/media?parent=50528"}],"wp:term":[{"taxonomy":"category","embeddable":true,"href":"http:\/\/argentinamunicipal.com.ar\/argentina\/wp-json\/wp\/v2\/categories?post=50528"},{"taxonomy":"post_tag","embeddable":true,"href":"http:\/\/argentinamunicipal.com.ar\/argentina\/wp-json\/wp\/v2\/tags?post=50528"}],"curies":[{"name":"wp","href":"https:\/\/api.w.org\/{rel}","templated":true}]}}