{"id":50531,"date":"2016-07-06T05:20:26","date_gmt":"2016-07-06T08:20:26","guid":{"rendered":"http:\/\/argentinamunicipal.com.ar\/argentina\/?p=50531"},"modified":"2016-07-06T08:36:14","modified_gmt":"2016-07-06T11:36:14","slug":"gonzalez-fraga-quiere-ver-tan-pobres-los-pobres","status":"publish","type":"post","link":"http:\/\/argentinamunicipal.com.ar\/argentina\/gonzalez-fraga-quiere-ver-tan-pobres-los-pobres\/","title":{"rendered":"Gonz\u00e1lez Fraga quiere ver \u00abqu\u00e9 tan pobres son los pobres\u00bb"},"content":{"rendered":"<p>El ex presidente del Banco Central Javier Gonz\u00e1lez Fraga asegur\u00f3 ayer que toma \u00abcon pinzas\u00bb los datos sobre pobreza, mientras sostuvo que le gustar\u00eda \u00abver qu\u00e9 tan pobres son los pobres\u00bb.<\/p>\n<p>Para Gonz\u00e1lez Fraga, la clase media \u00aben t\u00e9rminos relativos est\u00e1 peor que la clase m\u00e1s baja porque la clase m\u00e1s baja no depende tanto de las tarifas, consumen muy poco o est\u00e1n colgados de los servicios\u00bb.<\/p>\n<p>El ex presidente del Banco Central Javier Gonz\u00e1lez Fraga asegur\u00f3 ayer que toma \u00abcon pinzas\u00bb los datos sobre pobreza, mientras sostuvo que le gustar\u00eda \u00abver qu\u00e9 tan pobres son los pobres\u00bb.<\/p>\n<p>\u00abYo tomo con pinzas la informaci\u00f3n sobre la pobreza; no desconozco que se ha agravado, pero ese c\u00e1lculo de que hay un mill\u00f3n m\u00e1s de pobres que paso del 27 al 32, es un c\u00e1lculo te\u00f3rico\u00bb, consider\u00f3 el economista cercano al gobierno de Mauricio Macri.<\/p>\n<p>\u00abEs un c\u00e1lculo un poquito te\u00f3rico, a m\u00ed me gustar\u00eda saber que tan pobres son los pobres. No es como en el 2001 que la pobreza hab\u00eda aumentado considerablemente\u00bb, cuestion\u00f3.<\/p>\n<p>En ese sentido, evalu\u00f3: \u00abSon gente que pas\u00f3 de estar muy cerca del l\u00edmite en la parte de arriba a estar muy cerca del l\u00edmite en la parte de abajo\u00bb.<\/p>\n<p>Para Gonz\u00e1lez Fraga, la clase media \u00aben t\u00e9rminos relativos est\u00e1 peor que la clase m\u00e1s baja porque la clase m\u00e1s baja no depende tanto de las tarifas, consumen muy poco o est\u00e1n colgados de los servicios\u00bb.<\/p>\n<h6>Fuente: La Capital Rosario<\/h6>\n","protected":false},"excerpt":{"rendered":"<p>El ex presidente del Banco Central Javier Gonz\u00e1lez Fraga asegur\u00f3 ayer que toma \u00abcon pinzas\u00bb los datos sobre pobreza, mientras sostuvo que le gustar\u00eda \u00abver qu\u00e9 tan pobres son los pobres\u00bb.<\/p>\n","protected":false},"author":2,"featured_media":50532,"comment_status":"closed","ping_status":"closed","sticky":false,"template":"","format":"standard","meta":{"footnotes":""},"categories":[8],"tags":[21],"class_list":["post-50531","post","type-post","status-publish","format-standard","has-post-thumbnail","hentry","category-informe-nacional","tag-argentina"],"_links":{"self":[{"href":"http:\/\/argentinamunicipal.com.ar\/argentina\/wp-json\/wp\/v2\/posts\/50531","targetHints":{"allow":["GET"]}}],"collection":[{"href":"http:\/\/argentinamunicipal.com.ar\/argentina\/wp-json\/wp\/v2\/posts"}],"about":[{"href":"http:\/\/argentinamunicipal.com.ar\/argentina\/wp-json\/wp\/v2\/types\/post"}],"author":[{"embeddable":true,"href":"http:\/\/argentinamunicipal.com.ar\/argentina\/wp-json\/wp\/v2\/users\/2"}],"replies":[{"embeddable":true,"href":"http:\/\/argentinamunicipal.com.ar\/argentina\/wp-json\/wp\/v2\/comments?post=50531"}],"version-history":[{"count":0,"href":"http:\/\/argentinamunicipal.com.ar\/argentina\/wp-json\/wp\/v2\/posts\/50531\/revisions"}],"wp:featuredmedia":[{"embeddable":true,"href":"http:\/\/argentinamunicipal.com.ar\/argentina\/wp-json\/wp\/v2\/media\/50532"}],"wp:attachment":[{"href":"http:\/\/argentinamunicipal.com.ar\/argentina\/wp-json\/wp\/v2\/media?parent=50531"}],"wp:term":[{"taxonomy":"category","embeddable":true,"href":"http:\/\/argentinamunicipal.com.ar\/argentina\/wp-json\/wp\/v2\/categories?post=50531"},{"taxonomy":"post_tag","embeddable":true,"href":"http:\/\/argentinamunicipal.com.ar\/argentina\/wp-json\/wp\/v2\/tags?post=50531"}],"curies":[{"name":"wp","href":"https:\/\/api.w.org\/{rel}","templated":true}]}}