{"id":50546,"date":"2016-07-06T07:43:37","date_gmt":"2016-07-06T10:43:37","guid":{"rendered":"http:\/\/argentinamunicipal.com.ar\/argentina\/?p=50546"},"modified":"2016-07-06T07:43:37","modified_gmt":"2016-07-06T10:43:37","slug":"congreso-conmemorara-tucuman-bicentenario-la-independencia","status":"publish","type":"post","link":"http:\/\/argentinamunicipal.com.ar\/argentina\/congreso-conmemorara-tucuman-bicentenario-la-independencia\/","title":{"rendered":"El Congreso conmemorar\u00e1 en Tucum\u00e1n el Bicentenario de la Independencia"},"content":{"rendered":"<p>El Teatro San Mart\u00edn de la ciudad de San Miguel de Tucum\u00e1n ser\u00e1 escenario de una hist\u00f3rica sesi\u00f3n conjunta donde alrededor de 300 legisladores nacionales y provinciales conmemorar\u00e1n los 200 a\u00f1os de la Independencia argentina.<\/p>\n<p>La Asamblea Legislativa ser\u00e1 encabezada por el presidente provisional del Senado, Federico Pinedo, quien se ubicar\u00e1 en el estrado principal junto al titular de la C\u00e1mara de Diputados, Emilio Monz\u00f3, y el vicegobernador de Tucum\u00e1n, Osvaldo Jaldo.<\/p>\n<p>Tras una dura negociaci\u00f3n que tuvo lugar este lunes en el Congreso Nacional, se acord\u00f3 que hablar\u00e1n cinco senadores y diez diputados, en representaci\u00f3n de los interbloques que existen en cada C\u00e1mara.<\/p>\n<p>El encuentro tendr\u00e1 lugar entre las 14 y las 18 con transmisi\u00f3n especial de Senado TV, y se intentar\u00e1 aprobar un documento consensuado cuyos detalles se defin\u00edan por estas horas.<\/p>\n<p>Por estar a cargo del Poder Ejecutivo debido al viaje al exterior del presidente Mauricio Macri, la vicepresidenta Gabriela Michetti no participar\u00e1 de la Asamblea Legislativa, pero s\u00ed estar\u00e1 en Tucum\u00e1n para los actos previos del d\u00eda.<\/p>\n<p>Dado que la sesi\u00f3n conjunta coincide con la presentaci\u00f3n de la expresidenta Cristina Kirchner en los Tribunales de Comodoro Py, apenas 17 de los 70 diputados del Frente para la Victoria viajar\u00e1n a Tucum\u00e1n, sin la presencia del jefe del bloque, H\u00e9ctor Recalde.<\/p>\n<p>De los diputados que integran la bancada participar\u00e1n Luis Basterra \u2013vice-, Luis Bardeggia, Cristina \u00c1lvarez Rodr\u00edguez, Jorge Barreto, Daniela Castro, Silvina Frana, Miriam Gallardo, Ana Llanos, Juan Manuel Pedrini, Julio Solanas, Emilia Soria y H\u00e9ctor Tomas.<\/p>\n<p>Se sumaron tambi\u00e9n Guillermo Carmona, Carlos Castagneto, Juliana Di Tullio, Liliana Mazure y Mat\u00edas Rodr\u00edguez.<\/p>\n<p>Adem\u00e1s de Recalde, tampoco viajar\u00eda el jefe del bloque FpV-PJ en el Senado, Miguel Pichetto, seg\u00fan supo este medio.<\/p>\n<p>Por el interbloque Cambiemos ya fue confirmada la presencia de los jefes del interbloque de Diputados, Mario Negri, y del Senado, \u00c1ngel Rozas, mientras que tambi\u00e9n asistir\u00eda Sergio Massa, l\u00edder del Frente Renovador.<\/p>\n<p>La jornada de conmemoraci\u00f3n del Bicentenario arrancar\u00e1 a las 10 en la Casa Hist\u00f3rica de la Independencia, con una actividad protocolar en el patio trasero.<\/p>\n<p>All\u00ed los legisladores nacionales y provinciales se tomar\u00e1n una foto de familia y las autoridades pol\u00edticas pronunciar\u00e1n unas palabras de bienvenida, tras lo cual habr\u00e1 un \u00e1gape.<\/p>\n<p>A las 13.30, Michetti, Monz\u00f3, Pinedo y Jaldo brindar\u00e1n una conferencia de prensa en la Legislatura provincial, ubicada en el Barrio Norte de la capital tucumana, desde donde se trasladar\u00e1n a pie hasta el Teatro San Mart\u00edn, situado enfrente del edificio parlamentario, en la esquina de la calle Mu\u00f1ecas y la avenida Sarmiento.<\/p>\n<h6>Fuente: Tucum\u00e1n Hoy<\/h6>\n","protected":false},"excerpt":{"rendered":"<p>El Teatro San Mart\u00edn de la ciudad de San Miguel de Tucum\u00e1n ser\u00e1 escenario de una hist\u00f3rica sesi\u00f3n conjunta donde alrededor de 300 legisladores nacionales y provinciales conmemorar\u00e1n los 200 a\u00f1os de la Independencia argentina.<\/p>\n","protected":false},"author":2,"featured_media":50547,"comment_status":"closed","ping_status":"closed","sticky":false,"template":"","format":"standard","meta":{"footnotes":""},"categories":[8],"tags":[21],"class_list":["post-50546","post","type-post","status-publish","format-standard","has-post-thumbnail","hentry","category-informe-nacional","tag-argentina"],"_links":{"self":[{"href":"http:\/\/argentinamunicipal.com.ar\/argentina\/wp-json\/wp\/v2\/posts\/50546","targetHints":{"allow":["GET"]}}],"collection":[{"href":"http:\/\/argentinamunicipal.com.ar\/argentina\/wp-json\/wp\/v2\/posts"}],"about":[{"href":"http:\/\/argentinamunicipal.com.ar\/argentina\/wp-json\/wp\/v2\/types\/post"}],"author":[{"embeddable":true,"href":"http:\/\/argentinamunicipal.com.ar\/argentina\/wp-json\/wp\/v2\/users\/2"}],"replies":[{"embeddable":true,"href":"http:\/\/argentinamunicipal.com.ar\/argentina\/wp-json\/wp\/v2\/comments?post=50546"}],"version-history":[{"count":0,"href":"http:\/\/argentinamunicipal.com.ar\/argentina\/wp-json\/wp\/v2\/posts\/50546\/revisions"}],"wp:featuredmedia":[{"embeddable":true,"href":"http:\/\/argentinamunicipal.com.ar\/argentina\/wp-json\/wp\/v2\/media\/50547"}],"wp:attachment":[{"href":"http:\/\/argentinamunicipal.com.ar\/argentina\/wp-json\/wp\/v2\/media?parent=50546"}],"wp:term":[{"taxonomy":"category","embeddable":true,"href":"http:\/\/argentinamunicipal.com.ar\/argentina\/wp-json\/wp\/v2\/categories?post=50546"},{"taxonomy":"post_tag","embeddable":true,"href":"http:\/\/argentinamunicipal.com.ar\/argentina\/wp-json\/wp\/v2\/tags?post=50546"}],"curies":[{"name":"wp","href":"https:\/\/api.w.org\/{rel}","templated":true}]}}