{"id":50552,"date":"2016-07-06T06:00:57","date_gmt":"2016-07-06T09:00:57","guid":{"rendered":"http:\/\/argentinamunicipal.com.ar\/argentina\/?p=50552"},"modified":"2016-07-06T07:52:45","modified_gmt":"2016-07-06T10:52:45","slug":"3-anos-prepararon-tucuman-vino-bicentenario-macri-eligio-uno-mendoza","status":"publish","type":"post","link":"http:\/\/argentinamunicipal.com.ar\/argentina\/3-anos-prepararon-tucuman-vino-bicentenario-macri-eligio-uno-mendoza\/","title":{"rendered":"Por 3 a\u00f1os prepararon en Tucum\u00e1n un vino para el Bicentenario, pero Macri eligi\u00f3 uno de Mendoza"},"content":{"rendered":"<p>Los vi\u00f1ateros tucumanos ven\u00edan elaborando el vino a base de Malbec, pero la Naci\u00f3n decidi\u00f3 usar en el brindis de los festejos del Bicentenario una exclusiva edici\u00f3n de Catena Zapata.<\/p>\n<p>Como parte de los festejos del Bicentenario, el Gobierno nacional eligi\u00f3 un exclusivo vino de la bodega valletana Catena Zapata, elaborado por el equipo del prestigioso en\u00f3logo Alejandro Vigil, para que sea parte de los festejos por los 200 a\u00f1os de la Independencia, que se desarrollar\u00e1n en Tucum\u00e1n. Sin embargo, en esa provincia estall\u00f3 la pol\u00e9mica porque se enteraron de la elecci\u00f3n por los medios y trunc\u00f3 tres a\u00f1os de la elaboraci\u00f3n de una variedad especialmente preparada para la ocasi\u00f3n.<\/p>\n<p>El vino elegido por el Gobierno nacional es el Saint Felicien &#8211; Casa de Tucum\u00e1n 2013, una edici\u00f3n exclusiva para los festejos del Bicentenario en la provincia norte\u00f1a que pertenece a una l\u00ednea premium de la bodega Catena Zapata. Cada botella de este vino, elaborado en el paraje sancarlino de El Cepillo, cuesta alrededor de 400 pesos.<\/p>\n<p>Al enterarse de la noticia, en Tucum\u00e1n estall\u00f3 la bronca. Desde la C\u00e1mara de Bodegas y Vi\u00f1edos de Tucum\u00e1n, el vicepresidente de la entidad, Roberto Carro, manifest\u00f3 que &#8216;nadie nos avis\u00f3 nada. No sabemos qui\u00e9n determin\u00f3 esto&#8217; y agreg\u00f3 que &#8216;el vino de honor que represente al Bicentenario corresponde que sea tucumano&#8217;.<\/p>\n<p>Carro cree que la decisi\u00f3n se tom\u00f3 desde la Naci\u00f3n. Fueron los mismos bodegueros tucumanos los que, seg\u00fan ellos, les avisaron a las autoridades de esa provincia: &#8216;Cuando les dijimos a Luis Fern\u00e1ndez -ministro de Desarrollo Productivo- y al gobernador Juan Manzur mostraron la misma indignaci\u00f3n y sorpresa que nosotros. Est\u00e1n tratando de llegar a quien corresponde para que se revea esta situaci\u00f3n&#8217;.<\/p>\n<p>Aparentemente, hace tres a\u00f1os que los productores tucumanos est\u00e1n elaborando un vino que represente a esa provincia en esta fecha tan importante. Est\u00e1 hecho con base Malbec y en su presentaci\u00f3n resalta la etiqueta con la imagen de Lola Mora en contrarrelieve. Ahora no saben qu\u00e9 har\u00e1n con las 14.000 botellas que ya est\u00e1n listas para entregar. &#8216;Es importante defender nuestra producci\u00f3n, sobre todo este a\u00f1o que recibimos el golpe de las heladas. El gobierno tucumano deber\u00eda impedir que hagamos el rid\u00edculo&#8217;, expres\u00f3 por su parte el presidente de la C\u00e1mara, Alberto Guardia.<\/p>\n<p>&#8216;No tenemos nada en contra de los productores mendocinos, pero es una pena que piensen en traer un vino de all\u00e1 para los festejos. Es il\u00f3gico y absurdo&#8217;, finaliz\u00f3 Carro.<\/p>\n<h6>Fuente: Tucum\u00e1n Hoy<\/h6>\n","protected":false},"excerpt":{"rendered":"<p>Los vi\u00f1ateros tucumanos ven\u00edan elaborando el vino a base de Malbec, pero la Naci\u00f3n decidi\u00f3 usar en el brindis de los festejos del Bicentenario una exclusiva edici\u00f3n de Catena Zapata.<\/p>\n","protected":false},"author":2,"featured_media":50553,"comment_status":"closed","ping_status":"closed","sticky":false,"template":"","format":"standard","meta":{"footnotes":""},"categories":[65],"tags":[33],"class_list":["post-50552","post","type-post","status-publish","format-standard","has-post-thumbnail","hentry","category-provincias","tag-tucuman"],"_links":{"self":[{"href":"http:\/\/argentinamunicipal.com.ar\/argentina\/wp-json\/wp\/v2\/posts\/50552","targetHints":{"allow":["GET"]}}],"collection":[{"href":"http:\/\/argentinamunicipal.com.ar\/argentina\/wp-json\/wp\/v2\/posts"}],"about":[{"href":"http:\/\/argentinamunicipal.com.ar\/argentina\/wp-json\/wp\/v2\/types\/post"}],"author":[{"embeddable":true,"href":"http:\/\/argentinamunicipal.com.ar\/argentina\/wp-json\/wp\/v2\/users\/2"}],"replies":[{"embeddable":true,"href":"http:\/\/argentinamunicipal.com.ar\/argentina\/wp-json\/wp\/v2\/comments?post=50552"}],"version-history":[{"count":0,"href":"http:\/\/argentinamunicipal.com.ar\/argentina\/wp-json\/wp\/v2\/posts\/50552\/revisions"}],"wp:featuredmedia":[{"embeddable":true,"href":"http:\/\/argentinamunicipal.com.ar\/argentina\/wp-json\/wp\/v2\/media\/50553"}],"wp:attachment":[{"href":"http:\/\/argentinamunicipal.com.ar\/argentina\/wp-json\/wp\/v2\/media?parent=50552"}],"wp:term":[{"taxonomy":"category","embeddable":true,"href":"http:\/\/argentinamunicipal.com.ar\/argentina\/wp-json\/wp\/v2\/categories?post=50552"},{"taxonomy":"post_tag","embeddable":true,"href":"http:\/\/argentinamunicipal.com.ar\/argentina\/wp-json\/wp\/v2\/tags?post=50552"}],"curies":[{"name":"wp","href":"https:\/\/api.w.org\/{rel}","templated":true}]}}