{"id":50561,"date":"2016-07-06T08:06:51","date_gmt":"2016-07-06T11:06:51","guid":{"rendered":"http:\/\/argentinamunicipal.com.ar\/argentina\/?p=50561"},"modified":"2016-07-06T08:06:51","modified_gmt":"2016-07-06T11:06:51","slug":"pozo-quilmes-tapar-bache-la-historia","status":"publish","type":"post","link":"http:\/\/argentinamunicipal.com.ar\/argentina\/pozo-quilmes-tapar-bache-la-historia\/","title":{"rendered":"Pozo de Quilmes: Para tapar un bache en la historia"},"content":{"rendered":"<p>Organizaciones de derechos humanos y sociales, sobrevivientes y familiares de desaparecidos presentaron un proyecto de ley para que el centro clandestino se convierta en sitio de la memoria.<\/p>\n<p>El pasado 24 de marzo, el intendente de Quilmes, Martiniano Molina, confundi\u00f3 con un bache callejero al Pozo de Quilmes, uno de los centros clandestinos de detenci\u00f3n m\u00e1s importantes de la provincia de Buenos Aires durante la \u00faltima dictadura c\u00edvico militar. Por el \u201cexabrupto\u201d, Rub\u00e9n Schell, le agradeci\u00f3 al famoso cocinero \u201cpor ayudar a visibilizar este gran bache que tiene nuestra historia y que es necesario llenar con memoria, con verdad y con justicia\u201d. En eso andan Schell, otros sobrevivientes del pozo, familiares de quienes no salieron con vida de all\u00ed y unas 30 organizaciones sociales de ese municipio del conurbano bonaerense, que ayer presentaron un proyecto de ley para convertir a ese centro clandestino en sitio de la memoria, defensa y promoci\u00f3n de los derechos humanos.<\/p>\n<p>El proyecto fue ingresado en la C\u00e1mara de Diputados bonaerense por la legisladora kirchnerista Evangelina Ram\u00edrez \u2013con la firma de varios de sus colegas de bloques peronistas\u2013 el martes pasado y ma\u00f1ana comenzar\u00e1 a girar por las comisiones que le sean designadas. La iniciativa declara \u201cbien de inter\u00e9s hist\u00f3rico cultural\u201d de la provincia al edificio en donde funcion\u00f3 el Pozo de Quilmes, tambi\u00e9n conocido como \u201cchupadero Malvinas\u201d, en donde estuvieron secuestradas y fueron torturadas v\u00edctimas de la \u00faltima dictadura c\u00edvico militar de diferentes puntos del pa\u00eds y de pa\u00edses lim\u00edtrofes \u2013integr\u00f3 el \u201ccircuito Camps\u201d del territorio bonaerense y en 1978 funcion\u00f3 como centro de tortura y secuestro dentro del circuito del Plan C\u00f3ndor\u2013. Adem\u00e1s establece que se transfiera \u201ca t\u00edtulo gratuito\u201d a la Comisi\u00f3n Provincial por la Memoria para \u201csu administraci\u00f3n, explotaci\u00f3n, uso y goce\u201d. En la actualidad, es sede de la Delegaci\u00f3n Departamental de Investigaciones de la Polic\u00eda Bonaerense.<\/p>\n<p>\u201cEs el mejor proyecto que se podr\u00eda haber hecho y que la Comisi\u00f3n est\u00e9 a cargo de \u00e9l es una garant\u00eda de futuro: sin duda lo que se construya all\u00ed ser\u00e1 la mejor exposici\u00f3n de la memoria, la verdad y la justicia\u201d, postul\u00f3 Ram\u00edrez durante la presentaci\u00f3n p\u00fablica del proyecto de ley, que se realiz\u00f3 ayer en la Universidad Nacional de Quilmes. El rector, Mario Lozano, celebr\u00f3 el proyecto y la presencia de ex detenidos del Pozo de Quilmes, de familiares de desaparecidos, as\u00ed como de miembros de organizaciones que participaron de la redacci\u00f3n del texto en la universidad: \u201cLa memoria en uno de nuestros compromisos principales\u201d, destac\u00f3 el rector en nombre de la instituci\u00f3n, ya que \u201catraviesa cada una de las actividades que se realizan\u201d all\u00ed.<\/p>\n<p>La confecci\u00f3n del proyecto fue \u201chorizontal y participativo\u201d, coincidieron diferentes participantes de esa tarea, que comenz\u00f3 en marzo pasado, a pocos d\u00edas de la conmemoraci\u00f3n de los 40 de la \u00faltima dictadura. \u201cFue una discusi\u00f3n fraterna y sin mezquindades\u201d, remarc\u00f3 Viviana Buscaglia, secretaria de Derechos Humanos de la regional quilme\u00f1a de la Central de Trabajadores Argentinos (CTA), una de las organizaciones que particip\u00f3 de la producci\u00f3n del texto que imagina transformar al ex centro clandestino en un lugar que sirva para \u201ccontribuir a mantener viva la historia reciente del pa\u00eds\u201d, con un \u201cenfoque de g\u00e9nero y diversidad\u201d y la participaci\u00f3n de j\u00f3venes. Buscan que el futuro sitio de memoria fomente \u201cel estudio, la investigaci\u00f3n y la difusi\u00f3n\u201d de los hechos vinculados a los golpes de Estado argentinos, pero tambi\u00e9n a \u201cluchas sociales y populares\u201d y los \u201cgenocidios hist\u00f3ricos\u201d latinoamericanos. Quieren convertirlo en un archivo y centro de documentaci\u00f3n especializado, que colabore con los juicios de lesa humanidad y la b\u00fasqueda de beb\u00e9s robados durante el terrorismo de Estado. Tambi\u00e9n quieren que contribuya al \u201cregistro y sistematizaci\u00f3n\u201d de casos de violencia institucional.<\/p>\n<p>La directora de \u00e1reas de la Comisi\u00f3n Provincial por la Memoria, Sandra Raggio, destac\u00f3 los objetivos con los que fue creado el proyecto: \u201cgenerar memoria es generar formas de aproximaci\u00f3n al pasado reciente, para convertir ese pasado en pedazos de historia atravesados por una fuerte expectativa de futuro\u201d.<\/p>\n<h6>Fuente: P\u00e1gina 12<\/h6>\n","protected":false},"excerpt":{"rendered":"<p>Organizaciones de derechos humanos y sociales, sobrevivientes y familiares de desaparecidos presentaron un proyecto de ley para que el centro clandestino se convierta en sitio de la memoria.<\/p>\n","protected":false},"author":2,"featured_media":50562,"comment_status":"closed","ping_status":"closed","sticky":false,"template":"","format":"standard","meta":{"footnotes":""},"categories":[2],"tags":[12],"class_list":["post-50561","post","type-post","status-publish","format-standard","has-post-thumbnail","hentry","category-informe-municipal","tag-buenos-aires"],"_links":{"self":[{"href":"http:\/\/argentinamunicipal.com.ar\/argentina\/wp-json\/wp\/v2\/posts\/50561","targetHints":{"allow":["GET"]}}],"collection":[{"href":"http:\/\/argentinamunicipal.com.ar\/argentina\/wp-json\/wp\/v2\/posts"}],"about":[{"href":"http:\/\/argentinamunicipal.com.ar\/argentina\/wp-json\/wp\/v2\/types\/post"}],"author":[{"embeddable":true,"href":"http:\/\/argentinamunicipal.com.ar\/argentina\/wp-json\/wp\/v2\/users\/2"}],"replies":[{"embeddable":true,"href":"http:\/\/argentinamunicipal.com.ar\/argentina\/wp-json\/wp\/v2\/comments?post=50561"}],"version-history":[{"count":0,"href":"http:\/\/argentinamunicipal.com.ar\/argentina\/wp-json\/wp\/v2\/posts\/50561\/revisions"}],"wp:featuredmedia":[{"embeddable":true,"href":"http:\/\/argentinamunicipal.com.ar\/argentina\/wp-json\/wp\/v2\/media\/50562"}],"wp:attachment":[{"href":"http:\/\/argentinamunicipal.com.ar\/argentina\/wp-json\/wp\/v2\/media?parent=50561"}],"wp:term":[{"taxonomy":"category","embeddable":true,"href":"http:\/\/argentinamunicipal.com.ar\/argentina\/wp-json\/wp\/v2\/categories?post=50561"},{"taxonomy":"post_tag","embeddable":true,"href":"http:\/\/argentinamunicipal.com.ar\/argentina\/wp-json\/wp\/v2\/tags?post=50561"}],"curies":[{"name":"wp","href":"https:\/\/api.w.org\/{rel}","templated":true}]}}