{"id":50613,"date":"2016-07-07T07:13:57","date_gmt":"2016-07-07T10:13:57","guid":{"rendered":"http:\/\/argentinamunicipal.com.ar\/argentina\/?p=50613"},"modified":"2016-07-07T07:13:57","modified_gmt":"2016-07-07T10:13:57","slug":"tamberos-bonaerenses-retoman-protestas-ante-la-crisis-del-sector","status":"publish","type":"post","link":"http:\/\/argentinamunicipal.com.ar\/argentina\/tamberos-bonaerenses-retoman-protestas-ante-la-crisis-del-sector\/","title":{"rendered":"Tamberos bonaerenses retoman protestas ante la crisis del sector"},"content":{"rendered":"<p>Productores de la Confederaci\u00f3n de Asociaciones Rurales de Buenos Aires y La Pampa (Carbap) definen hoy las medidas a seguir, que podr\u00edan ir desde una amplia movilizaci\u00f3n a la Ciudad Aut\u00f3noma de Buenos Aires hasta la distribuci\u00f3n de leche en distintos distritos bonaerenses.<\/p>\n<p>La tregua entre los tamberos y el gobierno provincial pareciera haberse acabado. Hoy a partir de las 10, los productores rurales enrolados en la Confederaci\u00f3n de Asociaciones Rurales de Buenos Aires y La Pampa (Carbap) definir\u00e1n una serie de medidas de fuerza ante la crisis que atraviesa el sector.<\/p>\n<p>La asamblea se llevar\u00e1 a cabo en la localidad bonaerense de Brandsen, nucleando a tamberos de la regi\u00f3n pero tambi\u00e9n de otras zonas de la provincia como los de la cuenca Mar y Sierra del sudeste bonaerense.<\/p>\n<p>Seg\u00fan confirmaron a la agencia DIB, \u201cse definir\u00e1 la modalidad y fecha de las protestas\u201d, al tiempo que anticiparon que ser\u00e1 una sucesi\u00f3n de medidas entre las que podr\u00edan incluirse una marcha a capital federal y la distribuci\u00f3n de leche en diferentes puntos de la provincia.<\/p>\n<p>Cabe recordar que en marzo pasado hubo protestas en diferentes puntos del pa\u00eds, aunque, di\u00e1logo mediante, los productores definieron una tregua con el gobierno.<\/p>\n<h6>Fuente: InfoCielo<\/h6>\n","protected":false},"excerpt":{"rendered":"<p>Productores de la Confederaci\u00f3n de Asociaciones Rurales de Buenos Aires y La Pampa (Carbap) definen hoy las medidas a seguir, que podr\u00edan ir desde una amplia movilizaci\u00f3n a la Ciudad Aut\u00f3noma de Buenos Aires hasta la distribuci\u00f3n de leche en distintos distritos bonaerenses.<\/p>\n","protected":false},"author":2,"featured_media":50614,"comment_status":"closed","ping_status":"closed","sticky":false,"template":"","format":"standard","meta":{"footnotes":""},"categories":[65],"tags":[12],"class_list":["post-50613","post","type-post","status-publish","format-standard","has-post-thumbnail","hentry","category-provincias","tag-buenos-aires"],"_links":{"self":[{"href":"http:\/\/argentinamunicipal.com.ar\/argentina\/wp-json\/wp\/v2\/posts\/50613","targetHints":{"allow":["GET"]}}],"collection":[{"href":"http:\/\/argentinamunicipal.com.ar\/argentina\/wp-json\/wp\/v2\/posts"}],"about":[{"href":"http:\/\/argentinamunicipal.com.ar\/argentina\/wp-json\/wp\/v2\/types\/post"}],"author":[{"embeddable":true,"href":"http:\/\/argentinamunicipal.com.ar\/argentina\/wp-json\/wp\/v2\/users\/2"}],"replies":[{"embeddable":true,"href":"http:\/\/argentinamunicipal.com.ar\/argentina\/wp-json\/wp\/v2\/comments?post=50613"}],"version-history":[{"count":0,"href":"http:\/\/argentinamunicipal.com.ar\/argentina\/wp-json\/wp\/v2\/posts\/50613\/revisions"}],"wp:featuredmedia":[{"embeddable":true,"href":"http:\/\/argentinamunicipal.com.ar\/argentina\/wp-json\/wp\/v2\/media\/50614"}],"wp:attachment":[{"href":"http:\/\/argentinamunicipal.com.ar\/argentina\/wp-json\/wp\/v2\/media?parent=50613"}],"wp:term":[{"taxonomy":"category","embeddable":true,"href":"http:\/\/argentinamunicipal.com.ar\/argentina\/wp-json\/wp\/v2\/categories?post=50613"},{"taxonomy":"post_tag","embeddable":true,"href":"http:\/\/argentinamunicipal.com.ar\/argentina\/wp-json\/wp\/v2\/tags?post=50613"}],"curies":[{"name":"wp","href":"https:\/\/api.w.org\/{rel}","templated":true}]}}