{"id":50631,"date":"2016-07-07T07:37:09","date_gmt":"2016-07-07T10:37:09","guid":{"rendered":"http:\/\/argentinamunicipal.com.ar\/argentina\/?p=50631"},"modified":"2016-07-07T07:37:09","modified_gmt":"2016-07-07T10:37:09","slug":"los-gremios-sacaron-propio-indice-inflacion-441-ciento-anual","status":"publish","type":"post","link":"http:\/\/argentinamunicipal.com.ar\/argentina\/los-gremios-sacaron-propio-indice-inflacion-441-ciento-anual\/","title":{"rendered":"Los gremios sacaron su propio \u00edndice de inflaci\u00f3n: 44,1 por ciento anual"},"content":{"rendered":"<p>M\u00e1s de 40 sindicatos presentaron el Instituto Estad\u00edstico de los Trabajadores. En los sectores de menos ingresos, la suba es 50 por ciento<\/p>\n<p>La inflaci\u00f3n anual trep\u00f3 al 44,1 por ciento en mayo, seg\u00fan un nuevo indicador lanzado ayer por gremios de la CGT y CTA, en conjunto con la Universidad Metropolitana para la Educaci\u00f3n y el Trabajo (Umet).<\/p>\n<p>Los salarios de los trabajadores presentaron una p\u00e9rdida de poder adquisitivo del 12 puntos entre noviembre y mayo de este a\u00f1o debido a la aceleraci\u00f3n de la inflaci\u00f3n y por el impacto del tarifazo.<\/p>\n<p>As\u00ed lo se\u00f1alan los indicadores del Instituto Estad\u00edstico de los Trabajadores (IET) presentado por la Universidad Metropolitana para la Educaci\u00f3n y el Trabajo (Umet) y el Centro de Innovaci\u00f3n de los Trabajadores (Citra).<\/p>\n<p>El Citra es una instituci\u00f3n de doble dependencia entre la Umet, el Conicet y m\u00e1s de 45 organizaciones sindicales.<\/p>\n<p>Efecto diferenciado. Este nuevo indicador, presentado por jefes de 45 organizaciones gremiales, revel\u00f3 que la inflaci\u00f3n le peg\u00f3 con m\u00e1s dureza a los sectores con menores ingresos, dado que la suba acumulada de precios para esos sectores fue del 49,9 por ciento en el a\u00f1o.<\/p>\n<p>Para los de m\u00e1s altos ingresos, en cambio, el incremento en el costo de vida se ubic\u00f3 en el 40,9 por ciento en el \u00faltimo a\u00f1o, dice el indicador realizado con datos propios y de las direcciones de estad\u00edstica de Capital Federal y San Luis.<\/p>\n<p>El relevamiento indica que el 54,4 por ciento del alza anual del costo de vida responde a \u00abalimentos y bebidas\u00bb, \u00abvivienda y servicios\u00bb y \u00abtransporte y comunicaciones\u00bb, lo que explica que el impacto sea mayor sobre los asalariados de m\u00e1s bajos ingresos.<\/p>\n<p>El secretario general de la CTA, Hugo Yasky, afirm\u00f3 que el movimiento obrero debe contar con un \u00edndice de inflaci\u00f3n propio para que los gremios puedan discutir sus paritarias.<\/p>\n<p>Seg\u00fan sus impulsores, el IET ser\u00e1 \u00abun espacio de referencia\u00bb m\u00e1s all\u00e1 de las diferentes coyunturas pol\u00edticas que transite la econom\u00eda argentina y apunta a construir una base de informaci\u00f3n para la defensa de los derechos de los trabajadores y la capacidad de compra de su salario y de la sustentabilidad del empleo.<\/p>\n<p>Medici\u00f3n propia. La din\u00e1mica inflacionaria no afecta de la misma manera a todos los sectores de la poblaci\u00f3n, por ello los trabajadores deben medir la inflaci\u00f3n de los trabajadores, consideraron los realizadores del IET.<\/p>\n<p>Entre los secretarios generales que asistieron a la jornada, estuvieron Gerardo Mart\u00ednez (Uocra), V\u00edctor Santa Mar\u00eda (Suterh), Horacio Ghilini (Sadop), Hugo Yasky (CTA) y Rodolfo Daer (Alimentaci\u00f3n). Tambi\u00e9n estuvieron Roberto Baradel (Suteba), Horacio Arreceygor (Satsaid), Eduardo L\u00f3pez (UTE), Edgardo Llano (APA) y Domingo Moreira (Ceramistas), entre otros dirigentes sindicales del pa\u00eds.<\/p>\n<h6>Fuente: La Capital Rosario<\/h6>\n","protected":false},"excerpt":{"rendered":"<p>M\u00e1s de 40 sindicatos presentaron el Instituto Estad\u00edstico de los Trabajadores. En los sectores de menos ingresos, la suba es 50 por ciento<\/p>\n","protected":false},"author":2,"featured_media":50632,"comment_status":"closed","ping_status":"closed","sticky":false,"template":"","format":"standard","meta":{"footnotes":""},"categories":[8],"tags":[21],"class_list":["post-50631","post","type-post","status-publish","format-standard","has-post-thumbnail","hentry","category-informe-nacional","tag-argentina"],"_links":{"self":[{"href":"http:\/\/argentinamunicipal.com.ar\/argentina\/wp-json\/wp\/v2\/posts\/50631","targetHints":{"allow":["GET"]}}],"collection":[{"href":"http:\/\/argentinamunicipal.com.ar\/argentina\/wp-json\/wp\/v2\/posts"}],"about":[{"href":"http:\/\/argentinamunicipal.com.ar\/argentina\/wp-json\/wp\/v2\/types\/post"}],"author":[{"embeddable":true,"href":"http:\/\/argentinamunicipal.com.ar\/argentina\/wp-json\/wp\/v2\/users\/2"}],"replies":[{"embeddable":true,"href":"http:\/\/argentinamunicipal.com.ar\/argentina\/wp-json\/wp\/v2\/comments?post=50631"}],"version-history":[{"count":0,"href":"http:\/\/argentinamunicipal.com.ar\/argentina\/wp-json\/wp\/v2\/posts\/50631\/revisions"}],"wp:featuredmedia":[{"embeddable":true,"href":"http:\/\/argentinamunicipal.com.ar\/argentina\/wp-json\/wp\/v2\/media\/50632"}],"wp:attachment":[{"href":"http:\/\/argentinamunicipal.com.ar\/argentina\/wp-json\/wp\/v2\/media?parent=50631"}],"wp:term":[{"taxonomy":"category","embeddable":true,"href":"http:\/\/argentinamunicipal.com.ar\/argentina\/wp-json\/wp\/v2\/categories?post=50631"},{"taxonomy":"post_tag","embeddable":true,"href":"http:\/\/argentinamunicipal.com.ar\/argentina\/wp-json\/wp\/v2\/tags?post=50631"}],"curies":[{"name":"wp","href":"https:\/\/api.w.org\/{rel}","templated":true}]}}