{"id":50640,"date":"2016-07-07T07:47:53","date_gmt":"2016-07-07T10:47:53","guid":{"rendered":"http:\/\/argentinamunicipal.com.ar\/argentina\/?p=50640"},"modified":"2016-07-07T07:47:53","modified_gmt":"2016-07-07T10:47:53","slug":"toma-modernizacion-los-despidos","status":"publish","type":"post","link":"http:\/\/argentinamunicipal.com.ar\/argentina\/toma-modernizacion-los-despidos\/","title":{"rendered":"Toma en el Ministerio de Modernizaci\u00f3n por los despidos"},"content":{"rendered":"<p>Durante cinco horas, el hall del ministerio a cargo de Andr\u00e9s Ibarra fue ocupado. Ibarra prometi\u00f3 una reuni\u00f3n para el lunes. Incumplen fallos por reincorporaciones.<\/p>\n<p>M\u00e1s de doscientos trabajadores estatales tomaron el Ministerio de Modernizaci\u00f3n para reclamar la revisi\u00f3n de los despidos masivos en la administaci\u00f3n p\u00fablica, orquestados desde ese organismo. La ocupaci\u00f3n pac\u00edfica del hall del edificio dur\u00f3 cinco horas, desde el comienzo de la jornada laboral hasta pasado el mediod\u00eda, cuando una delegaci\u00f3n de la Asociaci\u00f3n de Trabajadores del Estado (ATE) fue recibida por el Subsecretario de Relaciones Laborales, Carlos Lelio, que asegur\u00f3 a los manifestantes que el ministro Andr\u00e9s Ibarra \u2013de viaje en Corea\u2013, se hab\u00eda comunicado telef\u00f3nicamente para asegurarles una audiencia el pr\u00f3ximo lunes.<\/p>\n<p>\u201cQueremos que se comprometan a revisar cada una de las situaciones de los compa\u00f1eros despedidos\u201d, explic\u00f3 Daniel Catalano, titular de ATE Capital. \u201cQue vean caso por caso, que es lo que el gobierno prometi\u00f3 cuando anunciaron la revisi\u00f3n de los contratados de los \u00faltimos tres a\u00f1os\u201d.<\/p>\n<p>Los referentes de ATE Capital hab\u00edan tenido una primera reuni\u00f3n en el ministerio, hace unos veinte d\u00edas, con este planteo. Pero luego el di\u00e1logo no avanz\u00f3, por lo que resolvieron la protesta sorpresiva.<\/p>\n<p>El gremio viene reclamando por distintas v\u00edas la reincorporaci\u00f3n de los despedidos. Ante la Justicia, consigui\u00f3 por ejemplo una medida cautelar que orden\u00f3 la reincorporaci\u00f3n de una despedida. El fallo, de principios de junio, fue dictado por el juez Julio Armando Grisolas en favor de una empleada de la Superintendencia del Seguro, a la que Cambiemos no le renov\u00f3 su contrato. El magistrado se\u00f1al\u00f3 que el hecho de haber estado trabajando bajo esa modalidad era un \u201cfaude laboral\u201d del que la despedida hab\u00eda sido v\u00edctima.<\/p>\n<p>A pesar del que ya transcurri\u00f3 casi un mes de ese amparo, el Ministerio de Hacienda sigue sin reincorporarla. \u201cLo que estamos demostrando es que hubo irregularidades, fueron despedidos compa\u00f1eros con cinco o diez a\u00f1os de antig\u00fcedad, trabajadores que no hab\u00edan incumplido una norma. Entonces, aunque el Gobierno dijo que iba a ver caso por caso, lo que en realidad hizo fue un ajuste y una persecuci\u00f3n, no hubo \u00f1oquis despedidos sino una decisi\u00f3n de generar da\u00f1o, y eso es lo que tiene que reparar. En el caso de la compa\u00f1era que obtuvo la cautelar, el Gobierno se toma la atribuci\u00f3n de impedir que ingrese, est\u00e1 pagando una multa por cada d\u00eda de incumplimiento y apel\u00f3 el fallo. Es decir que tiene una voluntad pol\u00edtica de seguir profundizando el da\u00f1o\u201d, denunci\u00f3 Catalano.<\/p>\n<p>En abril, el ministro Ibarra justific\u00f3 los despidos en el Estado en una conferencia de prensa en la que asegur\u00f3 que hubo 11 mil cesant\u00edas y en la que admiti\u00f3: \u201cpudo haber algunos despidos injustos, pero la mayor parte eran situaciones no deseadas en distintos lugares de la administraci\u00f3n\u201d. En mayo, volvi\u00f3 a reconocer que \u201cpudo haber algunos despidos injustos\u201d y asegur\u00f3 que no habr\u00eda m\u00e1s cesant\u00edas.<\/p>\n<p>Sin embargo, ese mismo mes hubo doscientos despidos en la Anses. Esta semana se le sum\u00f3 la misma cantidad en el Ministerio de Educaci\u00f3n, a cargo de Esteban Bullrich, y ocho del Sistema Federal de Medios y Contenidos P\u00fablicos, que tiene como titular a Hern\u00e1n Lombardi. Otras doce trabajadoras fueron echadas del Consejo Nacional de las Mujeres con el mismo argumento de no renovaci\u00f3n de los contratos.<\/p>\n<h6>Fuente: P\u00e1gina 12<\/h6>\n","protected":false},"excerpt":{"rendered":"<p>Durante cinco horas, el hall del ministerio a cargo de Andr\u00e9s Ibarra fue ocupado. Ibarra prometi\u00f3 una reuni\u00f3n para el lunes. Incumplen fallos por reincorporaciones.<\/p>\n","protected":false},"author":2,"featured_media":50641,"comment_status":"closed","ping_status":"closed","sticky":false,"template":"","format":"standard","meta":{"footnotes":""},"categories":[8],"tags":[21],"class_list":["post-50640","post","type-post","status-publish","format-standard","has-post-thumbnail","hentry","category-informe-nacional","tag-argentina"],"_links":{"self":[{"href":"http:\/\/argentinamunicipal.com.ar\/argentina\/wp-json\/wp\/v2\/posts\/50640","targetHints":{"allow":["GET"]}}],"collection":[{"href":"http:\/\/argentinamunicipal.com.ar\/argentina\/wp-json\/wp\/v2\/posts"}],"about":[{"href":"http:\/\/argentinamunicipal.com.ar\/argentina\/wp-json\/wp\/v2\/types\/post"}],"author":[{"embeddable":true,"href":"http:\/\/argentinamunicipal.com.ar\/argentina\/wp-json\/wp\/v2\/users\/2"}],"replies":[{"embeddable":true,"href":"http:\/\/argentinamunicipal.com.ar\/argentina\/wp-json\/wp\/v2\/comments?post=50640"}],"version-history":[{"count":0,"href":"http:\/\/argentinamunicipal.com.ar\/argentina\/wp-json\/wp\/v2\/posts\/50640\/revisions"}],"wp:featuredmedia":[{"embeddable":true,"href":"http:\/\/argentinamunicipal.com.ar\/argentina\/wp-json\/wp\/v2\/media\/50641"}],"wp:attachment":[{"href":"http:\/\/argentinamunicipal.com.ar\/argentina\/wp-json\/wp\/v2\/media?parent=50640"}],"wp:term":[{"taxonomy":"category","embeddable":true,"href":"http:\/\/argentinamunicipal.com.ar\/argentina\/wp-json\/wp\/v2\/categories?post=50640"},{"taxonomy":"post_tag","embeddable":true,"href":"http:\/\/argentinamunicipal.com.ar\/argentina\/wp-json\/wp\/v2\/tags?post=50640"}],"curies":[{"name":"wp","href":"https:\/\/api.w.org\/{rel}","templated":true}]}}