{"id":50652,"date":"2016-07-07T06:04:41","date_gmt":"2016-07-07T09:04:41","guid":{"rendered":"http:\/\/argentinamunicipal.com.ar\/argentina\/?p=50652"},"modified":"2016-07-07T08:06:52","modified_gmt":"2016-07-07T11:06:52","slug":"tras-polemicos-dichos-loperfido-renuncio-al-cargo-ministro-cultura-porteno","status":"publish","type":"post","link":"http:\/\/argentinamunicipal.com.ar\/argentina\/tras-polemicos-dichos-loperfido-renuncio-al-cargo-ministro-cultura-porteno\/","title":{"rendered":"Tras pol\u00e9micos dichos, Lop\u00e9rfido renunci\u00f3 al cargo de ministro de Cultura porte\u00f1o"},"content":{"rendered":"<p>La gesti\u00f3n de Lop\u00e9rfido arranc\u00f3 con una fuerte pol\u00e9mica por sus dichos sobre el n\u00famero de desaparecidos en una mesa redonda en Pinamar.<\/p>\n<p>El ministro de Cultura porte\u00f1o, Dar\u00edo Lop\u00e9rfido, present\u00f3 su renuncia desgastado por las pol\u00e9micas que levantaron sus declaraciones.<\/p>\n<p>Las versiones sobre la renuncia de Lop\u00e9rfido comenzaron a circular ayer al mediod\u00eda en las redes sociales.<\/p>\n<p>El motivo que determin\u00f3 finalmente a Lop\u00e9rfido a presentarla fue un escrache el viernes en el teatro Regio, durante la presentaci\u00f3n de Teatro Itinerante, el ciclo que por el cierre temporario del San Mart\u00edn organiza en distintos teatros el director del Complejo Teatral de Buenos Aires, Jorge Telerman.<\/p>\n<p>La gesti\u00f3n de Lop\u00e9rfido arranc\u00f3 con una fuerte pol\u00e9mica por sus dichos sobre el n\u00famero de desaparecidos en una mesa redonda en Pinamar, en enero. Fue fuertemente criticado e incluso se arm\u00f3 una campa\u00f1a internacional con firmas en Change.org, que reuni\u00f3 a intelectuales respetados como el franc\u00e9s Alain Badiu.<\/p>\n<p>En febrero, durante su visita, el presidente franc\u00e9s Fran\u00e7ois Hollande no fue al Teatro Col\u00f3n, del que Lop\u00e9rfido era director art\u00edstico, accediendo a un pedido de organismos de Derechos Humanos por este tema. Lop\u00e9rfido se defendi\u00f3 de las cr\u00edticas e incluso sigui\u00f3 confrontando: en Facebook argument\u00f3 que \u00abno hice ning\u00fan juicio de valor, s\u00f3lo cit\u00e9 un dato digno de ser debatido\u00bb.<\/p>\n<p>Hace dos semanas, carg\u00f3 contra los actores kirchneristas al denunciar \u00abel mayor fraude de la historia audiovisual argentina\u00bb por las telenovelas y series que se produjeron durante la gesti\u00f3n de Cristina Fern\u00e1ndez, y fue repudiado por varios de estos actores. Cuestionado por parte de los \u00abtrabajadores de la cultura\u00bb, fue perdiendo respaldo pol\u00edtico y, casi sin margen para enfocarse en la gesti\u00f3n, termin\u00f3 alej\u00e1ndose.<\/p>\n<h6>Fuente: Uno Entre R\u00edos<\/h6>\n","protected":false},"excerpt":{"rendered":"<p>La gesti\u00f3n de Lop\u00e9rfido arranc\u00f3 con una fuerte pol\u00e9mica por sus dichos sobre el n\u00famero de desaparecidos en una mesa redonda en Pinamar.<\/p>\n","protected":false},"author":2,"featured_media":50653,"comment_status":"closed","ping_status":"closed","sticky":false,"template":"","format":"standard","meta":{"footnotes":""},"categories":[8],"tags":[21],"class_list":["post-50652","post","type-post","status-publish","format-standard","has-post-thumbnail","hentry","category-informe-nacional","tag-argentina"],"_links":{"self":[{"href":"http:\/\/argentinamunicipal.com.ar\/argentina\/wp-json\/wp\/v2\/posts\/50652","targetHints":{"allow":["GET"]}}],"collection":[{"href":"http:\/\/argentinamunicipal.com.ar\/argentina\/wp-json\/wp\/v2\/posts"}],"about":[{"href":"http:\/\/argentinamunicipal.com.ar\/argentina\/wp-json\/wp\/v2\/types\/post"}],"author":[{"embeddable":true,"href":"http:\/\/argentinamunicipal.com.ar\/argentina\/wp-json\/wp\/v2\/users\/2"}],"replies":[{"embeddable":true,"href":"http:\/\/argentinamunicipal.com.ar\/argentina\/wp-json\/wp\/v2\/comments?post=50652"}],"version-history":[{"count":0,"href":"http:\/\/argentinamunicipal.com.ar\/argentina\/wp-json\/wp\/v2\/posts\/50652\/revisions"}],"wp:featuredmedia":[{"embeddable":true,"href":"http:\/\/argentinamunicipal.com.ar\/argentina\/wp-json\/wp\/v2\/media\/50653"}],"wp:attachment":[{"href":"http:\/\/argentinamunicipal.com.ar\/argentina\/wp-json\/wp\/v2\/media?parent=50652"}],"wp:term":[{"taxonomy":"category","embeddable":true,"href":"http:\/\/argentinamunicipal.com.ar\/argentina\/wp-json\/wp\/v2\/categories?post=50652"},{"taxonomy":"post_tag","embeddable":true,"href":"http:\/\/argentinamunicipal.com.ar\/argentina\/wp-json\/wp\/v2\/tags?post=50652"}],"curies":[{"name":"wp","href":"https:\/\/api.w.org\/{rel}","templated":true}]}}