{"id":50667,"date":"2016-07-07T08:30:18","date_gmt":"2016-07-07T11:30:18","guid":{"rendered":"http:\/\/argentinamunicipal.com.ar\/argentina\/?p=50667"},"modified":"2016-07-07T08:30:18","modified_gmt":"2016-07-07T11:30:18","slug":"trabajadores-la-cultura-alerta-corren-riesgo-los-espectaculos-falta-personal","status":"publish","type":"post","link":"http:\/\/argentinamunicipal.com.ar\/argentina\/trabajadores-la-cultura-alerta-corren-riesgo-los-espectaculos-falta-personal\/","title":{"rendered":"Trabajadores de la cultura bonaerense en alerta: Corren riesgo los espect\u00e1culos por falta de personal"},"content":{"rendered":"<p>Aseguran que con los planteles actuales apenas llegan a cubrir las funciones. Orquestas, coros y ballets de la provincia reclaman m\u00e1s personal y pases a planta. Adem\u00e1s, piden la devoluci\u00f3n de descuentos por paros.<\/p>\n<p>Trabajadores del Teatro Argentino y la Secretar\u00eda de Cultura bonaerense se manifiestan este mediod\u00eda frente al edificio de esa cartera en La Plata para denunciar \u201cuna pol\u00edtica de desguace del Estado\u201d que entienden est\u00e1 llevando adelante la Provincia con el congelamiento de los pases a planta permanente.<\/p>\n<p>\u201cEstamos protestando por el decreto 618 que firm\u00f3 la Gobernadora (Mar\u00eda Eugenia) Vidal que congela las vacantes y suspende por un a\u00f1o, con posibilidad de prorrogarlo un a\u00f1o m\u00e1s, las designaciones en planta permanente\u201d, explic\u00f3 a INFOCIELO Hugo Ponce, trabajador del Teatro Argentino. La situaci\u00f3n afecta directamente a la orquesta, el coro y el ballet de esa sala, que depende de la administraci\u00f3n bonaerense.<\/p>\n<p>Seg\u00fan detall\u00f3 Ponce, sobre un total de 86 trabajadores del coro, \u201chay 25 compa\u00f1eros que no est\u00e1n nombrados y en la orquesta el porcentaje es mayor\u201d. Adem\u00e1s, los sectores t\u00e9cnicos del teatro, los museos, bibliotecas, cuerpos estables de Bah\u00eda Blanca y el teatro Auditorio de Mar del Plata, entre otros espacios culturales bonaerenses, atraviesan situaciones similares.<\/p>\n<p>El decreto en cuesti\u00f3n \u201cfrena la posibilidad de sancionar los planteles b\u00e1sicos y las estructuras, que es un antiguo reclamo que podr\u00edan resolver de una vez\u201d, agreg\u00f3 Ponce, y pidi\u00f3 que se atienda a la necesidad de \u201cla cantidad de trabajadores que necesita cada sector t\u00e9cnico-administrativo y cada cuerpo art\u00edstico para funcionar como corresponde\u201d. \u201cNo podr\u00edamos hacer una cantidad de obras, tanto \u00f3peras como sinf\u00f3nico-corales, porque no nos da la cantidad, si no tenemos el plantel\u201d, agreg\u00f3.<\/p>\n<p>Adem\u00e1s de oponerse al decreto firmado por Vidal semanas atr\u00e1s, los trabajadores nucleados en ATE reclamaron la devoluci\u00f3n de los descuentos por paros que sufri\u00f3 el gremio y la reapertura de paritarias, y denunciaron una \u201cpol\u00edtica de desguace del Estado\u201d.<\/p>\n<h6>Fuente: InfoCielo<\/h6>\n","protected":false},"excerpt":{"rendered":"<p>Aseguran que con los planteles actuales apenas llegan a cubrir las funciones. Orquestas, coros y ballets de la provincia reclaman m\u00e1s personal y pases a planta. Adem\u00e1s, piden la devoluci\u00f3n de descuentos por paros.<\/p>\n","protected":false},"author":2,"featured_media":50668,"comment_status":"closed","ping_status":"closed","sticky":false,"template":"","format":"standard","meta":{"footnotes":""},"categories":[65],"tags":[12],"class_list":["post-50667","post","type-post","status-publish","format-standard","has-post-thumbnail","hentry","category-provincias","tag-buenos-aires"],"_links":{"self":[{"href":"http:\/\/argentinamunicipal.com.ar\/argentina\/wp-json\/wp\/v2\/posts\/50667","targetHints":{"allow":["GET"]}}],"collection":[{"href":"http:\/\/argentinamunicipal.com.ar\/argentina\/wp-json\/wp\/v2\/posts"}],"about":[{"href":"http:\/\/argentinamunicipal.com.ar\/argentina\/wp-json\/wp\/v2\/types\/post"}],"author":[{"embeddable":true,"href":"http:\/\/argentinamunicipal.com.ar\/argentina\/wp-json\/wp\/v2\/users\/2"}],"replies":[{"embeddable":true,"href":"http:\/\/argentinamunicipal.com.ar\/argentina\/wp-json\/wp\/v2\/comments?post=50667"}],"version-history":[{"count":0,"href":"http:\/\/argentinamunicipal.com.ar\/argentina\/wp-json\/wp\/v2\/posts\/50667\/revisions"}],"wp:featuredmedia":[{"embeddable":true,"href":"http:\/\/argentinamunicipal.com.ar\/argentina\/wp-json\/wp\/v2\/media\/50668"}],"wp:attachment":[{"href":"http:\/\/argentinamunicipal.com.ar\/argentina\/wp-json\/wp\/v2\/media?parent=50667"}],"wp:term":[{"taxonomy":"category","embeddable":true,"href":"http:\/\/argentinamunicipal.com.ar\/argentina\/wp-json\/wp\/v2\/categories?post=50667"},{"taxonomy":"post_tag","embeddable":true,"href":"http:\/\/argentinamunicipal.com.ar\/argentina\/wp-json\/wp\/v2\/tags?post=50667"}],"curies":[{"name":"wp","href":"https:\/\/api.w.org\/{rel}","templated":true}]}}