{"id":50705,"date":"2016-07-13T07:13:29","date_gmt":"2016-07-13T10:13:29","guid":{"rendered":"http:\/\/argentinamunicipal.com.ar\/argentina\/?p=50705"},"modified":"2016-07-13T07:13:29","modified_gmt":"2016-07-13T10:13:29","slug":"despidos-subieron-866-ciento-junio","status":"publish","type":"post","link":"http:\/\/argentinamunicipal.com.ar\/argentina\/despidos-subieron-866-ciento-junio\/","title":{"rendered":"Despidos subieron un 866 por ciento en junio"},"content":{"rendered":"<p>Afectado por la situaci\u00f3n econ\u00f3mica, el mercado laboral volvi\u00f3 a sacudirse en junio con 5.945 trabajadores despedidos, una cifra que super\u00f3 en m\u00e1s de diez veces a la de un a\u00f1o atr\u00e1s.<\/p>\n<p>Afectado por la situaci\u00f3n econ\u00f3mica, el mercado laboral volvi\u00f3 a sacudirse en junio con 5.945 trabajadores despedidos, una cifra que super\u00f3 en m\u00e1s de diez veces a la de un a\u00f1o atr\u00e1s. En tanto, las suspensiones alcanzaron a 7.968 empleados, con un alza del 1.376 por ciento. As\u00ed lo informo la consultora Tendencias Econ\u00f3micas.<\/p>\n<p>\u00abLa conflictividad laboral aument\u00f3 en junio, impulsada por un nuevo aumento de los despidos y las suspensiones, pero disminuyeron los paros\u00bb, consider\u00f3 en un informe la consultora Tendencias Econ\u00f3micas.<\/p>\n<p>Se\u00f1al\u00f3 que \u00ablos despidos alcanzaron a 5.945 trabajadores en junio, con un aumento de 866 por ciento anual\u00bb y las ramas m\u00e1s afectadas fueron la industria, la construcci\u00f3n y el comercio.<\/p>\n<p>En el caso de las suspensiones, la mayor parte se registr\u00f3 en las ramas automotriz, autopartes, siderurgia, metalmec\u00e1nica, textil e indumentaria, madera y alimentos.<\/p>\n<p>En el primer semestre, la consultora detect\u00f3 un total de 160.515 despidos, lo que signific\u00f3 un crecimiento de casi 16 veces contra igual per\u00edodo de 2015.<\/p>\n<p>Tendencias Econ\u00f3micas consider\u00f3 que \u00abprevalecieron las cesant\u00edas en el sector privado, principalmente en la actividad de la construcci\u00f3n\u00bb.<\/p>\n<p>Suspensiones. En tanto, las suspensiones alcanzaron a 55.901 trabajadores en la primera mitad del a\u00f1o, con un fuerte crecimiento del 562 por ciento contra el mismo per\u00edodo de 2015.<\/p>\n<p>El relevamiento es confeccionado a partir de denuncias sindicales publicadas por los diarios del todo el pa\u00eds.<\/p>\n<h6>Fuente: La Capital Rosario<\/h6>\n","protected":false},"excerpt":{"rendered":"<p>Afectado por la situaci\u00f3n econ\u00f3mica, el mercado laboral volvi\u00f3 a sacudirse en junio con 5.945 trabajadores despedidos, una cifra que super\u00f3 en m\u00e1s de diez veces a la de un a\u00f1o atr\u00e1s.<\/p>\n","protected":false},"author":2,"featured_media":50706,"comment_status":"closed","ping_status":"closed","sticky":false,"template":"","format":"standard","meta":{"footnotes":""},"categories":[8],"tags":[21],"class_list":["post-50705","post","type-post","status-publish","format-standard","has-post-thumbnail","hentry","category-informe-nacional","tag-argentina"],"_links":{"self":[{"href":"http:\/\/argentinamunicipal.com.ar\/argentina\/wp-json\/wp\/v2\/posts\/50705","targetHints":{"allow":["GET"]}}],"collection":[{"href":"http:\/\/argentinamunicipal.com.ar\/argentina\/wp-json\/wp\/v2\/posts"}],"about":[{"href":"http:\/\/argentinamunicipal.com.ar\/argentina\/wp-json\/wp\/v2\/types\/post"}],"author":[{"embeddable":true,"href":"http:\/\/argentinamunicipal.com.ar\/argentina\/wp-json\/wp\/v2\/users\/2"}],"replies":[{"embeddable":true,"href":"http:\/\/argentinamunicipal.com.ar\/argentina\/wp-json\/wp\/v2\/comments?post=50705"}],"version-history":[{"count":0,"href":"http:\/\/argentinamunicipal.com.ar\/argentina\/wp-json\/wp\/v2\/posts\/50705\/revisions"}],"wp:featuredmedia":[{"embeddable":true,"href":"http:\/\/argentinamunicipal.com.ar\/argentina\/wp-json\/wp\/v2\/media\/50706"}],"wp:attachment":[{"href":"http:\/\/argentinamunicipal.com.ar\/argentina\/wp-json\/wp\/v2\/media?parent=50705"}],"wp:term":[{"taxonomy":"category","embeddable":true,"href":"http:\/\/argentinamunicipal.com.ar\/argentina\/wp-json\/wp\/v2\/categories?post=50705"},{"taxonomy":"post_tag","embeddable":true,"href":"http:\/\/argentinamunicipal.com.ar\/argentina\/wp-json\/wp\/v2\/tags?post=50705"}],"curies":[{"name":"wp","href":"https:\/\/api.w.org\/{rel}","templated":true}]}}