{"id":50708,"date":"2016-07-13T07:17:35","date_gmt":"2016-07-13T10:17:35","guid":{"rendered":"http:\/\/argentinamunicipal.com.ar\/argentina\/?p=50708"},"modified":"2016-07-13T07:17:35","modified_gmt":"2016-07-13T10:17:35","slug":"nos-equivocamos-quienes-podian-pagar","status":"publish","type":"post","link":"http:\/\/argentinamunicipal.com.ar\/argentina\/nos-equivocamos-quienes-podian-pagar\/","title":{"rendered":"\u201cNos equivocamos en qui\u00e9nes pod\u00edan pagar\u201d"},"content":{"rendered":"<p>El ministro de Hacienda sostuvo que no estaban contempladas subas del gas de m\u00e1s del 1000 por ciento, siguiendo la l\u00ednea de que el Gobierno va experimentando sobre la marcha. Reconoci\u00f3 que desconoce el impacto de los aumentos sobre el consumo general.<\/p>\n<p>El ministro de Hacienda y Finanzas, Alfonso Prat-Gay, reconoci\u00f3 ayer que el Gobierno cometi\u00f3 errores al estimar el alcance de los tarifazos. \u201cTal vez nos equivocamos en qui\u00e9nes pod\u00edan pagar la tarifa plena. Por eso, ahora estamos atendiendo y conteniendo a los que no pueden pagarlo\u201d, fue la respuesta del funcionario en conferencia de prensa. Prat-Gay asegur\u00f3 adem\u00e1s que en la pauta de d\u00e9ficit presupuestario para este a\u00f1o estaba previsto un aumento de las tarifas energ\u00e9tico no mayor a 400 por ciento. \u201cNo contempl\u00e1bamos aumentos de m\u00e1s del 1000 por ciento\u201d, agreg\u00f3 el ministro, quien afirm\u00f3 que el Gobierno \u201cse equivoca por hacer\u201d. Adem\u00e1s, revalid\u00f3 la meta inflacionaria prevista para este a\u00f1o de hasta 25 por ciento, pese a que el acumulado de la primera mitad del a\u00f1o ya supera el 20 por ciento. Pero, tal como se hizo con el crecimiento econ\u00f3mico que arribar\u00eda en el segundo semestre, el funcionario readecu\u00f3 la fecha y prorrog\u00f3 ese objetivo a marzo del a\u00f1o pr\u00f3ximo. \u201cSi no lo hacemos entre diciembre y diciembre, lo obtendremos entre marzo y marzo\u201d, asegur\u00f3 el titular de Hacienda sin m\u00e1s explicaci\u00f3n.<\/p>\n<p>El ministro ofreci\u00f3 una conferencia de prensa en Casa de Gobierno junto a la directora gerente del Banco Mundial (BM), Sri Mulyani Indrawati, por la aprobaci\u00f3n de cr\u00e9ditos del organismo por 845 millones (ver aparte). El tema de las tarifas, los amparos en distintas provincias, la inflaci\u00f3n, el d\u00e9ficit fiscal y la ca\u00edda econ\u00f3mica acapararon las consultas.<\/p>\n<p>El ministro aprovech\u00f3 para reiterar los anuncios del d\u00eda anterior. \u201cSe anunciaron tres cosas. La primera y m\u00e1s importantes es que avanzaremos con un sistema de geo-zonificaci\u00f3n para identificar potenciales beneficiarios de la tarifa social, que no est\u00e1bamos pudiendo alcanzar\u201d, afirm\u00f3. Seg\u00fan estim\u00f3, esto permitir\u00eda sumar 300 mil hogares y aumentar a 1,5 millones la cantidad de usuarios con acceso a gas de red que tendr\u00e1n la oportunidad de sumarse a la tarifa social. \u201cLa segunda cuesti\u00f3n es que la modificaci\u00f3n del cuadro tarifario necesariamente va a requerir una audiencia p\u00fablica y hemos pedido fecha para realizarla. Y la tercera es el tope efectivo de 400 por ciento de aumento, no sobre la tarifa sino sobre la factura\u201d, dijo el ministro.<\/p>\n<p>\u201cHubi\u00e9semos preferido evitar el camino en materia de tarifas. Hemos tomado las decisiones que consideramos necesarias para las tarifas de agua, gas, luz y transporte\u201d, sostuvo Prat-Gay, quien homogeniz\u00f3 el discurso de que se trata siempre del \u00fanico camino posible. \u201cNo se pod\u00eda resolver todo de un golpe, pero para el bolsillo de la gente fue un golpe fuerte\u201d, afirm\u00f3 el ministro, quien reconoci\u00f3 que se equivocaron en estimar el alcance del tarifazo. \u201cDescubrimos que eran muchos m\u00e1s de lo que pens\u00e1bamos los hogares que estaban afectados por un doble subsidio\u201d, dijo Prat-Gay, quien sostuvo que ahora \u201cno sabemos qu\u00e9 repercusi\u00f3n va a tener esto en el consumo\u201d. \u201cPor eso la insistencia de Macri para que se ahorre gas\u201d, se\u00f1al\u00f3 en referencia las declaraciones del Presidente, quien hab\u00eda dicho anteayer que \u201csi (las personas en sus hogares) est\u00e1n en remera o en patas\u201d consumen m\u00e1s energ\u00eda.<\/p>\n<p>Descart\u00f3 que la rebaja en el aumento del gas, que se limit\u00f3 al 400 por ciento, impacte negativamente en el objetivo de reducci\u00f3n del d\u00e9ficit fiscal. \u201cLo que puedo decir en materia presupuestaria es que cuando anunciamos la meta de d\u00e9ficit fiscal 4,8 por ciento, no se ten\u00eda en cuenta un aumento de gas superior al 400 por ciento. No contempl\u00e1bamos aumentos del orden del 1000 por ciento\u201d, agreg\u00f3. Respecto de la judicializaci\u00f3n del tema en distintas provincias, afirm\u00f3 que se har\u00e1 una presentaci\u00f3n ante el Juzgado de La Plata, cuyo fallo tuvo alcance nacional. \u201cVolver al tarifario anterior, como se sostiene en el amparo, lo transforma en un sistema tremendamente regresivo, porque se le baja a los m\u00e1s ricos\u201d, argument\u00f3, sin referirse al universo general de los usuarios. \u201cEste Gobierno se equivoca por hacer y no tiene problemas en corregir los errores\u201d, agreg\u00f3.<\/p>\n<p>Prat-Gay sostuvo entonces que se mantiene la meta de d\u00e9ficit fiscal pero tambi\u00e9n de inflaci\u00f3n. \u201cS\u00ed, recuerdo que dije un 25 por ciento para este a\u00f1o. La inflaci\u00f3n ya est\u00e1 bajando\u201d, asegur\u00f3. Sostuvo que los datos que relevan el Indec como de mediciones de la Ciudad de Buenos Aires, C\u00f3rdoba y San Luis marcan una desaceleraci\u00f3n en junio, aunque todav\u00eda est\u00e1n por arriba de los niveles previos a la devaluaci\u00f3n de diciembre. \u201cTambi\u00e9n los distintos analistas de todos los colores pol\u00edticos, que relevan la inflaci\u00f3n, estiman que para diciembre se alcanzar\u00e1 el 2 por ciento mensual y de 1,5 mensual hacia fines de a\u00f1o\u201d, detall\u00f3. Con estas cifras, el funcionario se mostr\u00f3 esperanzado de llegar a la pauta de 17 por ciento el a\u00f1o pr\u00f3ximo. Respecto del 25 por ciento estimado para este a\u00f1o, sostuvo sin ruborizarse que si no se llega en el per\u00edodo comprendido entre diciembre del a\u00f1o pasado y el de este a\u00f1o (a\u00f1o calendario), se obtendr\u00e1 reci\u00e9n en marzo del a\u00f1o pr\u00f3ximo. \u201cLo que tenemos que ver no es un a\u00f1o sino cuatro. Son 16 trimestres que llevar\u00e1 este proceso\u201d, agreg\u00f3.<\/p>\n<p>Tambi\u00e9n se refiri\u00f3 a la demorada reactivaci\u00f3n econ\u00f3mica. \u201cFuimos muy claros respecto de lo que iba a pasar este a\u00f1o. Todav\u00eda faltan seis meses para que termine el segundo semestre\u201d, fue su respuesta. Sin dar nuevas fechas para el \u201cdespegue\u201d, se\u00f1al\u00f3 que se mostr\u00f3 confiado en el esfuerzo de la obra p\u00fablica, que \u201ccomenz\u00f3 a reactivarse en mayo y junio\u201d. Tambi\u00e9n dijo que la \u201cbaja de la inflaci\u00f3n\u201d permitir\u00e1 liberar recursos a la econom\u00eda luego de las paritarias.<\/p>\n<h6>Fuente: P\u00e1gina 12<\/h6>\n","protected":false},"excerpt":{"rendered":"<p>El ministro de Hacienda sostuvo que no estaban contempladas subas del gas de m\u00e1s del 1000 por ciento, siguiendo la l\u00ednea de que el Gobierno va experimentando sobre la marcha. Reconoci\u00f3 que desconoce el impacto de los aumentos sobre el consumo general.<\/p>\n","protected":false},"author":2,"featured_media":50709,"comment_status":"closed","ping_status":"closed","sticky":false,"template":"","format":"standard","meta":{"footnotes":""},"categories":[8],"tags":[21],"class_list":["post-50708","post","type-post","status-publish","format-standard","has-post-thumbnail","hentry","category-informe-nacional","tag-argentina"],"_links":{"self":[{"href":"http:\/\/argentinamunicipal.com.ar\/argentina\/wp-json\/wp\/v2\/posts\/50708","targetHints":{"allow":["GET"]}}],"collection":[{"href":"http:\/\/argentinamunicipal.com.ar\/argentina\/wp-json\/wp\/v2\/posts"}],"about":[{"href":"http:\/\/argentinamunicipal.com.ar\/argentina\/wp-json\/wp\/v2\/types\/post"}],"author":[{"embeddable":true,"href":"http:\/\/argentinamunicipal.com.ar\/argentina\/wp-json\/wp\/v2\/users\/2"}],"replies":[{"embeddable":true,"href":"http:\/\/argentinamunicipal.com.ar\/argentina\/wp-json\/wp\/v2\/comments?post=50708"}],"version-history":[{"count":0,"href":"http:\/\/argentinamunicipal.com.ar\/argentina\/wp-json\/wp\/v2\/posts\/50708\/revisions"}],"wp:featuredmedia":[{"embeddable":true,"href":"http:\/\/argentinamunicipal.com.ar\/argentina\/wp-json\/wp\/v2\/media\/50709"}],"wp:attachment":[{"href":"http:\/\/argentinamunicipal.com.ar\/argentina\/wp-json\/wp\/v2\/media?parent=50708"}],"wp:term":[{"taxonomy":"category","embeddable":true,"href":"http:\/\/argentinamunicipal.com.ar\/argentina\/wp-json\/wp\/v2\/categories?post=50708"},{"taxonomy":"post_tag","embeddable":true,"href":"http:\/\/argentinamunicipal.com.ar\/argentina\/wp-json\/wp\/v2\/tags?post=50708"}],"curies":[{"name":"wp","href":"https:\/\/api.w.org\/{rel}","templated":true}]}}