{"id":50714,"date":"2016-07-13T05:20:54","date_gmt":"2016-07-13T08:20:54","guid":{"rendered":"http:\/\/argentinamunicipal.com.ar\/argentina\/?p=50714"},"modified":"2016-07-13T07:25:31","modified_gmt":"2016-07-13T10:25:31","slug":"los-candidatos-la-mesa","status":"publish","type":"post","link":"http:\/\/argentinamunicipal.com.ar\/argentina\/los-candidatos-la-mesa\/","title":{"rendered":"Con los candidatos arriba de la mesa"},"content":{"rendered":"<p>Ayer se lanzaron Palazzo (bancarios) y el macrista Venegas (peones rurales). El moyanismo apoya a Schmid, mientras que la CGT oficial se inclina por Daer (Sanidad). El Movimiento de Acci\u00f3n Sindical propone a Sasia (ferroviarios).<\/p>\n<p>Con los tiempos electorales cada vez m\u00e1s cortos, en la CGT ya comenz\u00f3 la carrera de candidatos para encabezarla a partir de agosto. Con el anuncio de renuncia del camionero Hugo Moyano para cederle el lugar al dirigente de Dragado y Balizamiento, Juan Carlos Schmid, \u00e9ste se transforma en el candidato de la CGT Azopardo. Por el lado de la CGT oficial que lidera Antonio Cal\u00f3 es casi un hecho que se presentar\u00e1 el secretario general de Sanidad, H\u00e9ctor Daer, y el gastron\u00f3mico Luis Barrionuevo impulsa al estacionero Carlos Acu\u00f1a. Ayer se autopostul\u00f3 el macrista Ger\u00f3nimo Venegas mientras que el bancario Sergio Palazzo fue lanzado por la Corriente Pol\u00edtico Sindical Federal y el ferroviario Sergio Sasia es la propuesta del Movimiento de Acci\u00f3n Sindical Argentino (MASA) que lidera el taxista Omar Viviani.<\/p>\n<p>\u201cSiempre hay muchos candidatos para un solo cargo. Todav\u00eda falta y es un camino que tenemos que recorrer\u201d, asegur\u00f3 a P\u00e1gina\/12 un dirigente cercano al moyanismo ante la cercan\u00eda de la fecha en la que se realizar\u00e1 el Comit\u00e9 Central Confederal en el que se elegir\u00e1 al nuevo secretario general de una CGT unificada. En ese marco, todav\u00eda quedan acerca de si iniciar\u00e1n el nuevo mandato bajo la conducci\u00f3n de un triunvirato. \u201cEs una alternativa, pero creemos que lo mejor es que haya un solo secretario general. Fortalecer\u00eda la idea de unidad\u201d, destac\u00f3 el gremialista poniendo en la mesa la propuesta del sector que responde a Moyano.<\/p>\n<p>\u201cVoy a acompa\u00f1ar en todo lo que sea necesario porque como dec\u00eda la compa\u00f1era Evita: \u2018Yo me voy del cargo pero no de la lucha\u2019 compa\u00f1eros\u201d, se\u00f1al\u00f3 Moyano a menos de 48 horas de renunciar al cargo en el que se mantuvo durante ocho a\u00f1os y despu\u00e9s de ungir a Schmid como su candidato a sucederlo. El camionero cerr\u00f3 anoche el acto de la Juventud Sindical Nacional que conduce Facundo Moyano, donde comenz\u00f3 a ensayar la propuesta en la que el l\u00edder de la Federaci\u00f3n Mar\u00edtima empezar\u00e1 a mostrarse de cara a la elecci\u00f3n del 22 de agosto. Schmid preside adem\u00e1s la Confederaci\u00f3n Argentina de Trabajadores del Transporte (Catt), que hoy anunciar\u00e1 medidas de fuerza ante las medidas del gobierno nacional.<\/p>\n<p>La Corriente Pol\u00edtico Sindical Federal, que se present\u00f3 formalmente anoche en el microestadio de Ferro, agrupa a m\u00e1s de cincuenta gremios y tiene un perfil m\u00e1s combativo. El bancario Palazzo es el candidato que impulsan y apuntan a una c\u00fapula colegiada durante los primeros tiempos para conformar \u201cuna conducci\u00f3n articulada de resistencia a las pol\u00edticas del gobierno\u201d. Por su parte y por ahora sin demasiado aspamento el sector gremial de la CGT oficial que contiene a los sectores conocidos como los \u201cgordos\u201d y a los \u201cindependientes\u201d tiene consensuado ir detr\u00e1s de la candidatura de Daer.<\/p>\n<p>\u201cSi soy prenda de unidad, no tengo problemas en ser secretario general\u201d, afirm\u00f3 Venegas lanzando su propia candidatura. El dirigente del sindicato de peones rurales es el que sostiene con mayor intensidad la defensa del gobierno macrista y contar\u00eda con la venia del presidente Mauricio Macri para intentar quedarse con la central obrera. Finalmente el MASA que responde a Viviani present\u00f3 a Sasia para la compulsa de agosto, con la idea de que en la CGT unificada, al igual que Venegas, s\u00f3lo exista un solo secretario general.<\/p>\n","protected":false},"excerpt":{"rendered":"<p>Ayer se lanzaron Palazzo (bancarios) y el macrista Venegas (peones rurales). El moyanismo apoya a Schmid, mientras que la CGT oficial se inclina por Daer (Sanidad). El Movimiento de Acci\u00f3n Sindical propone a Sasia (ferroviarios).<\/p>\n","protected":false},"author":2,"featured_media":50715,"comment_status":"closed","ping_status":"closed","sticky":false,"template":"","format":"standard","meta":{"footnotes":""},"categories":[8],"tags":[21],"class_list":["post-50714","post","type-post","status-publish","format-standard","has-post-thumbnail","hentry","category-informe-nacional","tag-argentina"],"_links":{"self":[{"href":"http:\/\/argentinamunicipal.com.ar\/argentina\/wp-json\/wp\/v2\/posts\/50714","targetHints":{"allow":["GET"]}}],"collection":[{"href":"http:\/\/argentinamunicipal.com.ar\/argentina\/wp-json\/wp\/v2\/posts"}],"about":[{"href":"http:\/\/argentinamunicipal.com.ar\/argentina\/wp-json\/wp\/v2\/types\/post"}],"author":[{"embeddable":true,"href":"http:\/\/argentinamunicipal.com.ar\/argentina\/wp-json\/wp\/v2\/users\/2"}],"replies":[{"embeddable":true,"href":"http:\/\/argentinamunicipal.com.ar\/argentina\/wp-json\/wp\/v2\/comments?post=50714"}],"version-history":[{"count":0,"href":"http:\/\/argentinamunicipal.com.ar\/argentina\/wp-json\/wp\/v2\/posts\/50714\/revisions"}],"wp:featuredmedia":[{"embeddable":true,"href":"http:\/\/argentinamunicipal.com.ar\/argentina\/wp-json\/wp\/v2\/media\/50715"}],"wp:attachment":[{"href":"http:\/\/argentinamunicipal.com.ar\/argentina\/wp-json\/wp\/v2\/media?parent=50714"}],"wp:term":[{"taxonomy":"category","embeddable":true,"href":"http:\/\/argentinamunicipal.com.ar\/argentina\/wp-json\/wp\/v2\/categories?post=50714"},{"taxonomy":"post_tag","embeddable":true,"href":"http:\/\/argentinamunicipal.com.ar\/argentina\/wp-json\/wp\/v2\/tags?post=50714"}],"curies":[{"name":"wp","href":"https:\/\/api.w.org\/{rel}","templated":true}]}}