{"id":50723,"date":"2016-07-13T07:36:48","date_gmt":"2016-07-13T10:36:48","guid":{"rendered":"http:\/\/argentinamunicipal.com.ar\/argentina\/?p=50723"},"modified":"2016-07-13T07:36:48","modified_gmt":"2016-07-13T10:36:48","slug":"suspenden-4-mil-empleados-automotrices-cordoba","status":"publish","type":"post","link":"http:\/\/argentinamunicipal.com.ar\/argentina\/suspenden-4-mil-empleados-automotrices-cordoba\/","title":{"rendered":"Suspenden a 4 mil empleados automotrices en C\u00f3rdoba"},"content":{"rendered":"<p>La crisis en el sector contin\u00faa y no repunta.<\/p>\n<p>Al menos 4.000 operarios ser\u00e1n suspendidos por per\u00edodos que var\u00edan entre uno y treinta d\u00edas con goce del 75% de sus sueldos en distintas automotrices de la provincia de C\u00f3rdoba. La ca\u00edda en las exportaciones explica el desplome en la actividad de las automotrices.<\/p>\n<p>Seg\u00fan datos de la Asociaci\u00f3n de F\u00e1bricas de Automotores (Adefa), el primer semestre cerr\u00f3 con una baja del 14% en la producci\u00f3n de autos en el pa\u00eds, mientras que en junio se sum\u00f3 la d\u00e9cima ca\u00edda interanual, de un 19,8 por ciento. En cuanto a las ventas al exterior, el desplome fue del 30,9% en el mismo per\u00edodo.<\/p>\n<p>Por ejemplo, la f\u00e1brica de camiones Iveco, en la localidad cordobesa de Ferreyra, suspender\u00e1 durante una semana a 500 empleados a ra\u00edz de un exceso de stock derivado de la ca\u00edda de la demanda internacional. Sin embargo, s\u00ed habr\u00e1 actividad en las plantas de maquinaria agr\u00edcola y de construcci\u00f3n Case y New Holland, y en la de motores FPT Industrial.<\/p>\n<p>La planta de Fiat, tambi\u00e9n en Ferreyra, cumpli\u00f3 ya una semana sin trabajar. En total ser\u00e1n 11 d\u00edas los que estar\u00e1n sin actividad. Los trabajadores suspendidos son alrededor de 1.500, mientras que otros 350 se ver\u00e1n afectados por inactividad en la planta MQ200 de la firma Volkswagen, que exporta sus cajas de velocidad a Brasil.<\/p>\n<p>En el caso de Renault, hay un \u00abcese de actividades obligado\u00bb a ra\u00edz de 110 obras de mantenimiento, necesarias para la puesta en marcha de nuevos proyectos industriales.<\/p>\n<p>Debido a la baja en la actividad de las automotrices, las autopartistas tambi\u00e9n comenzaron a verse perjudicadas. Es el caso de la empresa Montich -una de las m\u00e1s grandes del sector- que suspendi\u00f3 a los 170 empleados de una de sus plantas. Adem\u00e1s, tiene un procedimiento preventivo de crisis ante el Ministerio de Trabajo de la Naci\u00f3n.<\/p>\n<h6>Fuente: DataChaco<\/h6>\n","protected":false},"excerpt":{"rendered":"<p>La crisis en el sector contin\u00faa y no repunta. <\/p>\n","protected":false},"author":2,"featured_media":50724,"comment_status":"closed","ping_status":"closed","sticky":false,"template":"","format":"standard","meta":{"footnotes":""},"categories":[65],"tags":[3],"class_list":["post-50723","post","type-post","status-publish","format-standard","has-post-thumbnail","hentry","category-provincias","tag-cordoba"],"_links":{"self":[{"href":"http:\/\/argentinamunicipal.com.ar\/argentina\/wp-json\/wp\/v2\/posts\/50723","targetHints":{"allow":["GET"]}}],"collection":[{"href":"http:\/\/argentinamunicipal.com.ar\/argentina\/wp-json\/wp\/v2\/posts"}],"about":[{"href":"http:\/\/argentinamunicipal.com.ar\/argentina\/wp-json\/wp\/v2\/types\/post"}],"author":[{"embeddable":true,"href":"http:\/\/argentinamunicipal.com.ar\/argentina\/wp-json\/wp\/v2\/users\/2"}],"replies":[{"embeddable":true,"href":"http:\/\/argentinamunicipal.com.ar\/argentina\/wp-json\/wp\/v2\/comments?post=50723"}],"version-history":[{"count":0,"href":"http:\/\/argentinamunicipal.com.ar\/argentina\/wp-json\/wp\/v2\/posts\/50723\/revisions"}],"wp:featuredmedia":[{"embeddable":true,"href":"http:\/\/argentinamunicipal.com.ar\/argentina\/wp-json\/wp\/v2\/media\/50724"}],"wp:attachment":[{"href":"http:\/\/argentinamunicipal.com.ar\/argentina\/wp-json\/wp\/v2\/media?parent=50723"}],"wp:term":[{"taxonomy":"category","embeddable":true,"href":"http:\/\/argentinamunicipal.com.ar\/argentina\/wp-json\/wp\/v2\/categories?post=50723"},{"taxonomy":"post_tag","embeddable":true,"href":"http:\/\/argentinamunicipal.com.ar\/argentina\/wp-json\/wp\/v2\/tags?post=50723"}],"curies":[{"name":"wp","href":"https:\/\/api.w.org\/{rel}","templated":true}]}}