{"id":50732,"date":"2016-07-13T05:47:12","date_gmt":"2016-07-13T08:47:12","guid":{"rendered":"http:\/\/argentinamunicipal.com.ar\/argentina\/?p=50732"},"modified":"2016-07-13T07:49:15","modified_gmt":"2016-07-13T10:49:15","slug":"punta-alta-desarrollaran-centro-comercial-cielo-abierto","status":"publish","type":"post","link":"http:\/\/argentinamunicipal.com.ar\/argentina\/punta-alta-desarrollaran-centro-comercial-cielo-abierto\/","title":{"rendered":"Punta Alta: desarrollar\u00e1n un centro comercial a cielo abierto"},"content":{"rendered":"<p>El objetivo es\u00a0promover el fortalecimiento competitivo de las peque\u00f1as y medianas empresas.<\/p>\n<p>El centro comercial a cielo abierto se desarrollar\u00e1 en Punta Alta tras la firma de un convenio entre la Municipalidad, la Confederaci\u00f3n Argentina de la Mediana Empresa (CAME), la Federaci\u00f3n Econ\u00f3mica de la provincia de Buenos Aires (FEBA) y la entidad gremial y empresaria Uciapa.<\/p>\n<p>El objetivo es promover el fortalecimiento competitivo de las peque\u00f1as y medianas empresas dedicadas al comercio minorista y a la prestaci\u00f3n de servicios.<\/p>\n<p>El municipio afectar\u00e1 a una persona para la coordinaci\u00f3n del proyecto con las \u00e1reas de comercio, turismo, cultura, deportes, obras p\u00fablicas y servicios.<\/p>\n<p><strong>Detalles<\/strong><\/p>\n<p>El acuerdo tendr\u00e1 una duraci\u00f3n de doce meses.<\/p>\n<p>Se apunta a lograr un proyecto urban\u00edstico de mejoras en el \u00e1rea comercial: en esta primera etapa en Bernardo de Irigoyen.<\/p>\n<p>Tambi\u00e9n se conformar\u00e1 un \u00f3rgano de direcci\u00f3n y de gerenciamiento definido para la gesti\u00f3n del centro comercial.<\/p>\n<h6>Fuente: La Nueva<\/h6>\n","protected":false},"excerpt":{"rendered":"<p>El objetivo es promover el fortalecimiento competitivo de las peque\u00f1as y medianas empresas.<\/p>\n","protected":false},"author":2,"featured_media":50733,"comment_status":"closed","ping_status":"closed","sticky":false,"template":"","format":"standard","meta":{"footnotes":""},"categories":[2],"tags":[12],"class_list":["post-50732","post","type-post","status-publish","format-standard","has-post-thumbnail","hentry","category-informe-municipal","tag-buenos-aires"],"_links":{"self":[{"href":"http:\/\/argentinamunicipal.com.ar\/argentina\/wp-json\/wp\/v2\/posts\/50732","targetHints":{"allow":["GET"]}}],"collection":[{"href":"http:\/\/argentinamunicipal.com.ar\/argentina\/wp-json\/wp\/v2\/posts"}],"about":[{"href":"http:\/\/argentinamunicipal.com.ar\/argentina\/wp-json\/wp\/v2\/types\/post"}],"author":[{"embeddable":true,"href":"http:\/\/argentinamunicipal.com.ar\/argentina\/wp-json\/wp\/v2\/users\/2"}],"replies":[{"embeddable":true,"href":"http:\/\/argentinamunicipal.com.ar\/argentina\/wp-json\/wp\/v2\/comments?post=50732"}],"version-history":[{"count":0,"href":"http:\/\/argentinamunicipal.com.ar\/argentina\/wp-json\/wp\/v2\/posts\/50732\/revisions"}],"wp:featuredmedia":[{"embeddable":true,"href":"http:\/\/argentinamunicipal.com.ar\/argentina\/wp-json\/wp\/v2\/media\/50733"}],"wp:attachment":[{"href":"http:\/\/argentinamunicipal.com.ar\/argentina\/wp-json\/wp\/v2\/media?parent=50732"}],"wp:term":[{"taxonomy":"category","embeddable":true,"href":"http:\/\/argentinamunicipal.com.ar\/argentina\/wp-json\/wp\/v2\/categories?post=50732"},{"taxonomy":"post_tag","embeddable":true,"href":"http:\/\/argentinamunicipal.com.ar\/argentina\/wp-json\/wp\/v2\/tags?post=50732"}],"curies":[{"name":"wp","href":"https:\/\/api.w.org\/{rel}","templated":true}]}}