{"id":50738,"date":"2016-07-13T07:56:34","date_gmt":"2016-07-13T10:56:34","guid":{"rendered":"http:\/\/argentinamunicipal.com.ar\/argentina\/?p=50738"},"modified":"2016-07-13T07:56:34","modified_gmt":"2016-07-13T10:56:34","slug":"aprobaron-proyectos-ovinos-17-millones-pesos-9-municipios-bonaerenses","status":"publish","type":"post","link":"http:\/\/argentinamunicipal.com.ar\/argentina\/aprobaron-proyectos-ovinos-17-millones-pesos-9-municipios-bonaerenses\/","title":{"rendered":"Aprobaron proyectos ovinos por 1,7 millones de pesos para 9 municipios bonaerenses"},"content":{"rendered":"<p>El Ministro de Agroindustria de la provincia de Buenos Aires,\u00a0Leonardo Sarqu\u00eds, anticip\u00f3 que desde su cartera buscan potenciar la producci\u00f3n lanar en el territorio bonaerense y, en tal sentido, inform\u00f3 que se aprobaron 9 proyectos por 1 mill\u00f3n 700 mil pesos en 9 municipios.<\/p>\n<p>Luego de encabezar un encuentro de trabajo de la Mesa Ovina bonaerense, el titular de la cartera agroindustrial bonaerense, Leonardo Sarquis, expres\u00f3:\u00a0\u00abLa producci\u00f3n ovina es estrat\u00e9gica y una prioridad para nosotros y para Mar\u00eda Eugenia Vidal\u00bb.<\/p>\n<p>\u00abLas iniciativas avaladas por la Unidad Ejecutora Provincial de la Ley Ovina Nacional se orientan a impulsar un aumento de stock y mejora de instalaciones. En las pr\u00f3ximas horas esperamos que se aprueben otros 34 proyectos por 5,5 millones\u00bb, anunci\u00f3 el funcionario.<\/p>\n<p>El Ministro explic\u00f3 que \u00absi bien se asocia a la ganader\u00eda con vacas y leche, lo cierto es que hoy hablamos de carnes en general e incluimos tambi\u00e9n los segmentos ovino, porcino y aviar. Al contar con escenarios estables y previsibles, decidimos reinstalar la producci\u00f3n ovina, tanto geopol\u00edtica como agroclimatol\u00f3gicamente, y generar mano de obra\u00bb.<\/p>\n<p>Durante el encuentro, el coordinador del Programa Ovino, Ismael Faverio, present\u00f3 un informe con las \u00faltimas acciones desarrolladas en el territorio bonaerense como charlas, capacitaciones, degustaciones y esquilas, adem\u00e1s de la conformaci\u00f3n de mesas regionales del sector.<\/p>\n<p>Sarquis estuvo acompa\u00f1ado por el Jefe de Gabinete, Jorge Srodek, y el Subsecretario de Calidad Agroalimentaria, Sergio Robert,<\/p>\n<h6>Fuente: La Noticia 1.com<\/h6>\n","protected":false},"excerpt":{"rendered":"<p>El Ministro de Agroindustria de la provincia de Buenos Aires, Leonardo Sarqu\u00eds, anticip\u00f3 que desde su cartera buscan potenciar la producci\u00f3n lanar en el territorio bonaerense y, en tal sentido, inform\u00f3 que se aprobaron 9 proyectos por 1 mill\u00f3n 700 mil pesos en 9 municipios.<\/p>\n","protected":false},"author":2,"featured_media":50739,"comment_status":"closed","ping_status":"closed","sticky":false,"template":"","format":"standard","meta":{"footnotes":""},"categories":[2],"tags":[12],"class_list":["post-50738","post","type-post","status-publish","format-standard","has-post-thumbnail","hentry","category-informe-municipal","tag-buenos-aires"],"_links":{"self":[{"href":"http:\/\/argentinamunicipal.com.ar\/argentina\/wp-json\/wp\/v2\/posts\/50738","targetHints":{"allow":["GET"]}}],"collection":[{"href":"http:\/\/argentinamunicipal.com.ar\/argentina\/wp-json\/wp\/v2\/posts"}],"about":[{"href":"http:\/\/argentinamunicipal.com.ar\/argentina\/wp-json\/wp\/v2\/types\/post"}],"author":[{"embeddable":true,"href":"http:\/\/argentinamunicipal.com.ar\/argentina\/wp-json\/wp\/v2\/users\/2"}],"replies":[{"embeddable":true,"href":"http:\/\/argentinamunicipal.com.ar\/argentina\/wp-json\/wp\/v2\/comments?post=50738"}],"version-history":[{"count":0,"href":"http:\/\/argentinamunicipal.com.ar\/argentina\/wp-json\/wp\/v2\/posts\/50738\/revisions"}],"wp:featuredmedia":[{"embeddable":true,"href":"http:\/\/argentinamunicipal.com.ar\/argentina\/wp-json\/wp\/v2\/media\/50739"}],"wp:attachment":[{"href":"http:\/\/argentinamunicipal.com.ar\/argentina\/wp-json\/wp\/v2\/media?parent=50738"}],"wp:term":[{"taxonomy":"category","embeddable":true,"href":"http:\/\/argentinamunicipal.com.ar\/argentina\/wp-json\/wp\/v2\/categories?post=50738"},{"taxonomy":"post_tag","embeddable":true,"href":"http:\/\/argentinamunicipal.com.ar\/argentina\/wp-json\/wp\/v2\/tags?post=50738"}],"curies":[{"name":"wp","href":"https:\/\/api.w.org\/{rel}","templated":true}]}}